{"id":97002,"date":"2023-03-23T11:07:31","date_gmt":"2023-03-23T14:07:31","guid":{"rendered":"https:\/\/www.cordobatimes.com\/showup\/?p=97002"},"modified":"2023-03-23T11:07:31","modified_gmt":"2023-03-23T14:07:31","slug":"bizarrap-estreno-con-arcangel-la-session-54","status":"publish","type":"post","link":"https:\/\/www.cordobatimes.com\/showup\/musica\/2023\/03\/23\/bizarrap-estreno-con-arcangel-la-session-54\/","title":{"rendered":"Bizarrap estren\u00f3 con Arc\u00e1ngel la \u201cSession #54\u201d"},"content":{"rendered":"<h3><strong>El argentino, que se presentar\u00e1 en el Festival Est\u00e9reo Picnic en Bogot\u00e1 y marc\u00f3 historia junto a Shakira, promete seguir en el n\u00famero uno de los listados m\u00e1s importantes de la m\u00fasica con una composici\u00f3n que parece tener destinatario<\/strong><\/h3>\n<p class=\"paragraph\">Han pasado m\u00e1s de dos meses desde que el mundo conoci\u00f3 la <i>Music Sessions #53\u00a0<\/i>de\u00a0<b>Bizarrap\u00a0<\/b>junto a\u00a0<b>Shakira,\u00a0<\/b>un tema que marc\u00f3 r\u00e9cords desde que se estren\u00f3 en todas las plataformas digitales. Ahora el turno es para\u00a0<b>Arc\u00e1ngel,\u00a0<\/b>que anunci\u00f3 a trav\u00e9s de sus redes sociales el 21 de marzo que lanzar\u00eda un tema junto al rapero argentino que llevar\u00e1 por nombre\u00a0<i>ARCANGEL || BZRP Music Sessions #54\u00a0<\/i>y con la que pretende igualar a la colombiana.<\/p>\n<p class=\"paragraph\">Por eso, a menos de una hora de conocerse esta composici\u00f3n musical con el reguetonero, el 22 de marzo en redes sociales se habr\u00eda filtrado c\u00f3mo suena la\u00a0<i><b>Session 54,<\/b><\/i><i>\u00a0<\/i>la que ser\u00eda una contundente\u00a0<i>\u2018tiraera\u2019\u00a0<\/i>para\u00a0<b>Anuel AA.\u00a0<\/b>Sin embargo, en ning\u00fan punto de la canci\u00f3n hizo referencia al puertorrique\u00f1o que tuvo una relaci\u00f3n con\u00a0<b>Karol G,\u00a0<\/b>por lo que se habr\u00eda descartado que se tratara de una dedicatoria s para su colega.<\/p>\n<p><iframe loading=\"lazy\" title=\"ARCANGEL || BZRP Music Sessions #54\" width=\"696\" height=\"392\" src=\"https:\/\/www.youtube.com\/embed\/ntCZjb_AAWE?feature=oembed\" frameborder=\"0\" allow=\"accelerometer; autoplay; clipboard-write; encrypted-media; gyroscope; picture-in-picture; web-share\" allowfullscreen><\/iframe><\/p>\n<ul>\n<li><\/li>\n<\/ul>\n","protected":false},"excerpt":{"rendered":"<p>El argentino, que se presentar\u00e1 en el Festival Est\u00e9reo Picnic en Bogot\u00e1 y marc\u00f3 historia junto a Shakira, promete seguir en el n\u00famero uno de los listados m\u00e1s importantes de la m\u00fasica con una composici\u00f3n que parece tener destinatario Han pasado m\u00e1s de dos meses desde que el mundo conoci\u00f3 la Music Sessions #53\u00a0de\u00a0Bizarrap\u00a0junto a\u00a0Shakira,\u00a0un [&hellip;]<\/p>\n","protected":false},"author":1,"featured_media":97003,"comment_status":"closed","ping_status":"closed","sticky":false,"template":"","format":"standard","meta":{"_seopress_robots_primary_cat":"","_seopress_titles_title":"","_seopress_titles_desc":"","_seopress_robots_index":"","footnotes":""},"categories":[5],"tags":[36630,36631],"class_list":{"0":"post-97002","1":"post","2":"type-post","3":"status-publish","4":"format-standard","5":"has-post-thumbnail","7":"category-musica","8":"tag-bizarrap-arcangel","9":"tag-session-54"},"_links":{"self":[{"href":"https:\/\/www.cordobatimes.com\/showup\/wp-json\/wp\/v2\/posts\/97002","targetHints":{"allow":["GET"]}}],"collection":[{"href":"https:\/\/www.cordobatimes.com\/showup\/wp-json\/wp\/v2\/posts"}],"about":[{"href":"https:\/\/www.cordobatimes.com\/showup\/wp-json\/wp\/v2\/types\/post"}],"author":[{"embeddable":true,"href":"https:\/\/www.cordobatimes.com\/showup\/wp-json\/wp\/v2\/users\/1"}],"replies":[{"embeddable":true,"href":"https:\/\/www.cordobatimes.com\/showup\/wp-json\/wp\/v2\/comments?post=97002"}],"version-history":[{"count":0,"href":"https:\/\/www.cordobatimes.com\/showup\/wp-json\/wp\/v2\/posts\/97002\/revisions"}],"wp:featuredmedia":[{"embeddable":true,"href":"https:\/\/www.cordobatimes.com\/showup\/wp-json\/wp\/v2\/media\/97003"}],"wp:attachment":[{"href":"https:\/\/www.cordobatimes.com\/showup\/wp-json\/wp\/v2\/media?parent=97002"}],"wp:term":[{"taxonomy":"category","embeddable":true,"href":"https:\/\/www.cordobatimes.com\/showup\/wp-json\/wp\/v2\/categories?post=97002"},{"taxonomy":"post_tag","embeddable":true,"href":"https:\/\/www.cordobatimes.com\/showup\/wp-json\/wp\/v2\/tags?post=97002"}],"curies":[{"name":"wp","href":"https:\/\/api.w.org\/{rel}","templated":true}]}}