{"id":96941,"date":"2023-03-21T19:07:28","date_gmt":"2023-03-21T22:07:28","guid":{"rendered":"https:\/\/www.cordobatimes.com\/showup\/?p=96941"},"modified":"2023-03-21T19:07:28","modified_gmt":"2023-03-21T22:07:28","slug":"marcos-revelo-cuales-son-sus-sentimientos-hacia-julieta","status":"publish","type":"post","link":"https:\/\/www.cordobatimes.com\/showup\/famosos\/2023\/03\/21\/marcos-revelo-cuales-son-sus-sentimientos-hacia-julieta\/","title":{"rendered":"Marcos revel\u00f3 cu\u00e1les son sus sentimientos hacia Julieta"},"content":{"rendered":"<h3><strong>En di\u00e1logo con Tom\u00e1s Holder, el primer eliminado del certamen, el salte\u00f1o blanque\u00f3 cu\u00e1l es el verdadero v\u00ednculo que lo une a la participante<\/strong><\/h3>\n<p>Desde que empez\u00f3\u00a0Gran Hermano\u00a0en octubre del a\u00f1o pasado se formaron varias parejas entre los participantes. As\u00ed fue que el ciclo de Telefe uni\u00f3 sentimentalmente a\u00a0Juliana\u00a0y a\u00a0Maxi, a\u00a0Coti\u00a0con\u00a0Alexis, llamado\u00a0el Cone,\u00a0a\u00a0Thiago\u00a0y a\u00a0Daniela\u00a0y finalmente a\u00a0la Tora\u00a0con\u00a0Nacho,\u00a0cuando ella entr\u00f3 por segunda vez a la casa, durante el repechaje.<\/p>\n<p>Estas son las parejas formales, pero despu\u00e9s hubo otros v\u00ednculos que no prosperaron dentro del reality, pero que el p\u00fablico alent\u00f3 desde un principio. Ese fue el caso de\u00a0Julieta\u00a0y de\u00a0Marcos, los dos chicos m\u00e1s lindos del juego, seg\u00fan los seguidores del certamen.<\/p>\n<p>Desde un comienzo, comenz\u00f3 el shippeo en las redes sociales:\u00a0Marculi\u00a0los llamaban, asociando los dos nombres de los participantes y augurando un final feliz para la pareja. Sin embargo, Julieta se encarg\u00f3 de informar a todos que ella estaba de novia con un chico llamado\u00a0Lucca, a quien prometi\u00f3 serle fiel y a quien estaba dirigido todo su amor.<\/p>\n<p>Por esos d\u00edas, Marcos estaba muy cerca de ella y a veces la c\u00e1mara lo enfocaba mir\u00e1ndola atentamente, como si obviamente la joven le gustara. Pero despu\u00e9s, con el correr de las semanas y de los meses, la relaci\u00f3n entre ellos se afianz\u00f3 en una genuina amistad, que ya no hizo sospechar que podr\u00eda existir entre ellos otro tipo de v\u00ednculo amoroso.<\/p>\n<p>Durante esta ma\u00f1ana, el primer eliminado del certamen se encontr\u00f3 en la habitaci\u00f3n a solas con el salte\u00f1o y se entabl\u00f3 una charla \u00edntima en la que Holder le pudo preguntar c\u00f3mo hizo para estar cinco meses sin mantener relaciones sexuales.<\/p>\n<p>\u201cNo s\u00e9, es algo que no me preocupa mucho, no estoy desesperado\u201d, respondi\u00f3 Ginocchio y enseguida le devolvi\u00f3 la pregunta. \u201c\u00bfA vos s\u00ed?\u201d, le dijo y Tom\u00e1s fue m\u00e1s espec\u00edfico. \u201cBueno, desesperado no estoy pero siempre fui muy activo sexualmente, creo que si a los dos meses no hubiera tenido contacto sexual con ninguna chica, me hubiera ido, no habr\u00eda aguantado\u201d, se sincer\u00f3.<\/p>\n<p>Acto seguido, el musculoso quiso saber qu\u00e9 relaci\u00f3n ten\u00eda con Julieta. \u201cYo te ve\u00eda muy pegado con Juli, pero despu\u00e9s dije \u2018No, Juli tiene novio\u2019, a lo que el salte\u00f1o le respondi\u00f3. \u201cNo, no, s\u00faper amiga es, lo bueno es que sal\u00eds de la casa con todas las relaciones que form\u00e1s ac\u00e1\u201d, concluy\u00f3 Marcos.<\/p>\n<div style=\"width: 696px;\" class=\"wp-video\"><video class=\"wp-video-shortcode\" id=\"video-96941-1\" width=\"696\" height=\"392\" preload=\"metadata\" controls=\"controls\"><source type=\"video\/mp4\" src=\"https:\/\/www.cordobatimes.com\/showup\/wp-content\/uploads\/2023\/03\/rXxKHBBh-34105380.mp4?_=1\" \/><a href=\"https:\/\/www.cordobatimes.com\/showup\/wp-content\/uploads\/2023\/03\/rXxKHBBh-34105380.mp4\">https:\/\/www.cordobatimes.com\/showup\/wp-content\/uploads\/2023\/03\/rXxKHBBh-34105380.mp4<\/a><\/video><\/div>\n","protected":false},"excerpt":{"rendered":"<p>En di\u00e1logo con Tom\u00e1s Holder, el primer eliminado del certamen, el salte\u00f1o blanque\u00f3 cu\u00e1l es el verdadero v\u00ednculo que lo une a la participante Desde que empez\u00f3\u00a0Gran Hermano\u00a0en octubre del a\u00f1o pasado se formaron varias parejas entre los participantes. As\u00ed fue que el ciclo de Telefe uni\u00f3 sentimentalmente a\u00a0Juliana\u00a0y a\u00a0Maxi, a\u00a0Coti\u00a0con\u00a0Alexis, llamado\u00a0el Cone,\u00a0a\u00a0Thiago\u00a0y a\u00a0Daniela\u00a0y finalmente [&hellip;]<\/p>\n","protected":false},"author":1,"featured_media":96942,"comment_status":"closed","ping_status":"closed","sticky":false,"template":"","format":"standard","meta":{"_seopress_robots_primary_cat":"","_seopress_titles_title":"","_seopress_titles_desc":"","_seopress_robots_index":"","footnotes":""},"categories":[4],"tags":[36603,36604,36602],"class_list":{"0":"post-96941","1":"post","2":"type-post","3":"status-publish","4":"format-standard","5":"has-post-thumbnail","7":"category-famosos","8":"tag-marcos-ginocchio-y-julieta-poggio","9":"tag-marcos-ginocchio-y-julieta-poggio-gran-hermano","10":"tag-marcos-y-julieta"},"_links":{"self":[{"href":"https:\/\/www.cordobatimes.com\/showup\/wp-json\/wp\/v2\/posts\/96941","targetHints":{"allow":["GET"]}}],"collection":[{"href":"https:\/\/www.cordobatimes.com\/showup\/wp-json\/wp\/v2\/posts"}],"about":[{"href":"https:\/\/www.cordobatimes.com\/showup\/wp-json\/wp\/v2\/types\/post"}],"author":[{"embeddable":true,"href":"https:\/\/www.cordobatimes.com\/showup\/wp-json\/wp\/v2\/users\/1"}],"replies":[{"embeddable":true,"href":"https:\/\/www.cordobatimes.com\/showup\/wp-json\/wp\/v2\/comments?post=96941"}],"version-history":[{"count":0,"href":"https:\/\/www.cordobatimes.com\/showup\/wp-json\/wp\/v2\/posts\/96941\/revisions"}],"wp:featuredmedia":[{"embeddable":true,"href":"https:\/\/www.cordobatimes.com\/showup\/wp-json\/wp\/v2\/media\/96942"}],"wp:attachment":[{"href":"https:\/\/www.cordobatimes.com\/showup\/wp-json\/wp\/v2\/media?parent=96941"}],"wp:term":[{"taxonomy":"category","embeddable":true,"href":"https:\/\/www.cordobatimes.com\/showup\/wp-json\/wp\/v2\/categories?post=96941"},{"taxonomy":"post_tag","embeddable":true,"href":"https:\/\/www.cordobatimes.com\/showup\/wp-json\/wp\/v2\/tags?post=96941"}],"curies":[{"name":"wp","href":"https:\/\/api.w.org\/{rel}","templated":true}]}}