{"id":96928,"date":"2023-03-21T11:38:20","date_gmt":"2023-03-21T14:38:20","guid":{"rendered":"https:\/\/www.cordobatimes.com\/showup\/?p=96928"},"modified":"2023-03-21T11:38:20","modified_gmt":"2023-03-21T14:38:20","slug":"el-quinto-huesped-llego-a-hotel-miranda-con-el-hit-prisionero","status":"publish","type":"post","link":"https:\/\/www.cordobatimes.com\/showup\/musica\/2023\/03\/21\/el-quinto-huesped-llego-a-hotel-miranda-con-el-hit-prisionero\/","title":{"rendered":"El quinto hu\u00e9sped lleg\u00f3 a Hotel Miranda! con el hit \u00abPrisionero\u00bb"},"content":{"rendered":"<h3><strong>El\u00a0Hotel Miranda!\u00a0abre sus puertas una vez m\u00e1s para recibir a\u00a0Cristian Castro, uno de los m\u00e1s destacados artistas de la m\u00fasica latina rom\u00e1ntica, en una nueva versi\u00f3n del hit\u00a0\u201cPrisionero\u201d.<\/strong><\/h3>\n<p>En esta oportunidad, Castro personifica a un hombre encerrado dentro del Hotel Miranda! destinado a los trabajos de lavander\u00eda en las instalaciones con la particularidad- un gui\u00f1o a sus fan\u00e1tico- ti\u00f1e todo de color azul.<\/p>\n<p>Due\u00f1o de un desparpajo e histrionismo \u00fanico, el autor de \u00e9xitos inolvidables como\u00a0\u201cLloviendo Estrellas\u201d y \u201cPor Amarte As\u00ed\u201d, entre otros, interpreta al prisionero del d\u00fao Miranda! en una combinaci\u00f3n perfecta de lamento y goce al mismo tiempo que hacen de esta nueva reversi\u00f3n una pieza musical tragic\u00f3mica que resalta ese esp\u00edritu de telenovelas que tanto caracteriza al d\u00fao pop y al mismo Cristian.<\/p>\n<p><iframe loading=\"lazy\" width=\"560\" height=\"315\" src=\"https:\/\/www.youtube.com\/embed\/tUwcFogDJ4c\" title=\"YouTube video player\" frameborder=\"0\" allow=\"accelerometer; autoplay; clipboard-write; encrypted-media; gyroscope; picture-in-picture; web-share\" allowfullscreen><\/iframe><\/p>\n","protected":false},"excerpt":{"rendered":"<p>El\u00a0Hotel Miranda!\u00a0abre sus puertas una vez m\u00e1s para recibir a\u00a0Cristian Castro, uno de los m\u00e1s destacados artistas de la m\u00fasica latina rom\u00e1ntica, en una nueva versi\u00f3n del hit\u00a0\u201cPrisionero\u201d. En esta oportunidad, Castro personifica a un hombre encerrado dentro del Hotel Miranda! destinado a los trabajos de lavander\u00eda en las instalaciones con la particularidad- un gui\u00f1o [&hellip;]<\/p>\n","protected":false},"author":1,"featured_media":96929,"comment_status":"closed","ping_status":"closed","sticky":false,"template":"","format":"standard","meta":{"_seopress_robots_primary_cat":"","_seopress_titles_title":"","_seopress_titles_desc":"","_seopress_robots_index":"","footnotes":""},"categories":[5],"tags":[36593,36594,36592,36591],"class_list":{"0":"post-96928","1":"post","2":"type-post","3":"status-publish","4":"format-standard","5":"has-post-thumbnail","7":"category-musica","8":"tag-cristian-castro-hotel-miranda","9":"tag-cristian-castro-miranda-prisionero","10":"tag-cristian-castro-prisionero","11":"tag-miranda-cristian-castro"},"_links":{"self":[{"href":"https:\/\/www.cordobatimes.com\/showup\/wp-json\/wp\/v2\/posts\/96928","targetHints":{"allow":["GET"]}}],"collection":[{"href":"https:\/\/www.cordobatimes.com\/showup\/wp-json\/wp\/v2\/posts"}],"about":[{"href":"https:\/\/www.cordobatimes.com\/showup\/wp-json\/wp\/v2\/types\/post"}],"author":[{"embeddable":true,"href":"https:\/\/www.cordobatimes.com\/showup\/wp-json\/wp\/v2\/users\/1"}],"replies":[{"embeddable":true,"href":"https:\/\/www.cordobatimes.com\/showup\/wp-json\/wp\/v2\/comments?post=96928"}],"version-history":[{"count":0,"href":"https:\/\/www.cordobatimes.com\/showup\/wp-json\/wp\/v2\/posts\/96928\/revisions"}],"wp:featuredmedia":[{"embeddable":true,"href":"https:\/\/www.cordobatimes.com\/showup\/wp-json\/wp\/v2\/media\/96929"}],"wp:attachment":[{"href":"https:\/\/www.cordobatimes.com\/showup\/wp-json\/wp\/v2\/media?parent=96928"}],"wp:term":[{"taxonomy":"category","embeddable":true,"href":"https:\/\/www.cordobatimes.com\/showup\/wp-json\/wp\/v2\/categories?post=96928"},{"taxonomy":"post_tag","embeddable":true,"href":"https:\/\/www.cordobatimes.com\/showup\/wp-json\/wp\/v2\/tags?post=96928"}],"curies":[{"name":"wp","href":"https:\/\/api.w.org\/{rel}","templated":true}]}}