{"id":96831,"date":"2023-03-16T11:31:06","date_gmt":"2023-03-16T14:31:06","guid":{"rendered":"https:\/\/www.cordobatimes.com\/showup\/?p=96831"},"modified":"2023-03-16T11:31:06","modified_gmt":"2023-03-16T14:31:06","slug":"la-serie-de-fito-paez-tiene-fecha-de-estreno","status":"publish","type":"post","link":"https:\/\/www.cordobatimes.com\/showup\/cine-y-series\/2023\/03\/16\/la-serie-de-fito-paez-tiene-fecha-de-estreno\/","title":{"rendered":"La serie de Fito P\u00e1ez tiene fecha de estreno"},"content":{"rendered":"<h3><strong>\u00abEl amor despu\u00e9s del amor\u201d es una producci\u00f3n biogr\u00e1fica que repasa 30 a\u00f1os de la vida del m\u00fasico argentino.<\/strong><\/h3>\n<p>Netflix estrenar\u00e1 muy pronto\u00a0El amor despu\u00e9s del amor, la serie basada en la vida de Fito Paez que recorre 30 a\u00f1os de su trayectoria personal y profesional. Producida por Juan Pablo Kolodziej y Mariano Chihade de Mandarina Contenidos, el t\u00edtulo hecho en Argentina aborda la historia y el universo que rode\u00f3 al famoso m\u00fasico argentino que estuvieron marcados por el dolor, la p\u00e9rdida, la tragedia, \u00e9xitos, fracasos, excesos, amor y muchas canciones.<\/p>\n<p>\u201cEsta \u00edntima serie biogr\u00e1fica detalla la vida y la carrera de Fito Paez, uno de los artistas m\u00e1s importantes de Argentina, y su recorrido musical junto a \u00edconos del rock como Charly Garc\u00eda, Fabiana Cantilo, Luis Alberto Spinetta, Juan Carlos Baglietto, y m\u00e1s\u201d, sostiene la sinopsis oficial. Compuesta por ocho episodios, la temporada cuenta con las actuaciones de Gaspar Offenhenden e Iv\u00e1n Hochman como el cantautor en la etapa de la ni\u00f1ez y adultez respectivamente.<\/p>\n<p>Participan tambi\u00e9n Micaela Riera (como Fabiana Cantilo), Andy Chango (como Charly Garc\u00eda), Juli\u00e1n Kart\u00fan (como Luis Alberto Spinetta), Daryna Butryk (como Cecilia Roth) y Joaqu\u00edn Baglietto (como Juan Carlos Baglietto). Adem\u00e1s, acompa\u00f1an al elenco Mart\u00edn \u201cCampi\u201d Campilongo (como Rodolfo Paez, padre de Fito) y Mirella Pascual (como Belia, abuela de Fito).<\/p>\n<h3><strong>La historia de Fito P\u00e1ez es llevada a la televisi\u00f3n<\/strong><\/h3>\n<p>El amor despu\u00e9s del amor\u00a0inici\u00f3 sus filmaciones en febrero de 2022, seg\u00fan un anuncio oficial de Netflix que convoc\u00f3 tanto a Fito como a los dos actores que lo interpretar\u00edan. Desde su etapa temprana de desarrollo, el prop\u00f3sito era presentar situaciones claves de su vida entre la ni\u00f1ez y la adultez. Bajo el g\u00e9nero biopic, la propuesta nos llevar\u00e1 hacia la esfera m\u00e1s \u00edntima del composit<\/p>\n<p>Juan Pablo Kolodziej lider\u00f3 el proyecto para el\u00a0streaming\u00a0como\u00a0showrunner\u00a0y productor general, mientras que, Felipe G\u00f3mez Aparicio y Gonzalo Tobal estuvieron a cargo de la direcci\u00f3n de los episodios. Juan Pablo Kolodziej, Mariano Chihade y Fito P\u00e1ez figuran como productores ejecutivos de la serie.<\/p>\n<p>Rodolfo P\u00e1ez, nacido en Rosario (Argentina) en 1963, inici\u00f3 su camino en la m\u00fasica como estudiante del Instituto Scaraf\u00eda. Debido a su alto nivel de miop\u00eda, ten\u00eda dificultad para leer las partituras por m\u00e1s que llevara anteojos, as\u00ed que mucho de su aprendizaje fue de o\u00eddo y esto fue un problema al momento de tocar piezas musicales cl\u00e1sicas mucho m\u00e1s complejas. Fue retirado de la escuela por esta raz\u00f3n, y al poco tiempo, se uni\u00f3 a la movida\u00a0underground\u00a0en la m\u00fasica en su ciudad natal. Hoy es uno de los m\u00e1s grandes exponentes del rock en Am\u00e9rica Latina.<\/p>\n<p><img alt=\"\" loading=\"lazy\" decoding=\"async\" class=\"alignnone wp-image-96833 size-full\" src=\"https:\/\/www.cordobatimes.com\/showup\/wp-content\/uploads\/2023\/03\/Pantallazo-16-03-2023-11.27.36.jpg\" alt=\"\" width=\"604\" height=\"809\" srcset=\"https:\/\/www.cordobatimes.com\/showup\/wp-content\/uploads\/2023\/03\/Pantallazo-16-03-2023-11.27.36.jpg 604w, https:\/\/www.cordobatimes.com\/showup\/wp-content\/uploads\/2023\/03\/Pantallazo-16-03-2023-11.27.36-314x420.jpg 314w\" sizes=\"auto, (max-width: 604px) 100vw, 604px\" \/><\/p>\n<p>&nbsp;<\/p>\n","protected":false},"excerpt":{"rendered":"<p>\u00abEl amor despu\u00e9s del amor\u201d es una producci\u00f3n biogr\u00e1fica que repasa 30 a\u00f1os de la vida del m\u00fasico argentino. Netflix estrenar\u00e1 muy pronto\u00a0El amor despu\u00e9s del amor, la serie basada en la vida de Fito Paez que recorre 30 a\u00f1os de su trayectoria personal y profesional. Producida por Juan Pablo Kolodziej y Mariano Chihade de [&hellip;]<\/p>\n","protected":false},"author":1,"featured_media":96832,"comment_status":"closed","ping_status":"closed","sticky":false,"template":"","format":"standard","meta":{"_seopress_robots_primary_cat":"","_seopress_titles_title":"","_seopress_titles_desc":"","_seopress_robots_index":"","footnotes":""},"categories":[3],"tags":[36528,36529,34567],"class_list":{"0":"post-96831","1":"post","2":"type-post","3":"status-publish","4":"format-standard","5":"has-post-thumbnail","7":"category-cine-y-series","8":"tag-el-amor-despues-del-amor-serie","9":"tag-el-amor-despues-del-amor-serie-de-fito-paez","10":"tag-serie-de-fito-paez"},"_links":{"self":[{"href":"https:\/\/www.cordobatimes.com\/showup\/wp-json\/wp\/v2\/posts\/96831","targetHints":{"allow":["GET"]}}],"collection":[{"href":"https:\/\/www.cordobatimes.com\/showup\/wp-json\/wp\/v2\/posts"}],"about":[{"href":"https:\/\/www.cordobatimes.com\/showup\/wp-json\/wp\/v2\/types\/post"}],"author":[{"embeddable":true,"href":"https:\/\/www.cordobatimes.com\/showup\/wp-json\/wp\/v2\/users\/1"}],"replies":[{"embeddable":true,"href":"https:\/\/www.cordobatimes.com\/showup\/wp-json\/wp\/v2\/comments?post=96831"}],"version-history":[{"count":0,"href":"https:\/\/www.cordobatimes.com\/showup\/wp-json\/wp\/v2\/posts\/96831\/revisions"}],"wp:featuredmedia":[{"embeddable":true,"href":"https:\/\/www.cordobatimes.com\/showup\/wp-json\/wp\/v2\/media\/96832"}],"wp:attachment":[{"href":"https:\/\/www.cordobatimes.com\/showup\/wp-json\/wp\/v2\/media?parent=96831"}],"wp:term":[{"taxonomy":"category","embeddable":true,"href":"https:\/\/www.cordobatimes.com\/showup\/wp-json\/wp\/v2\/categories?post=96831"},{"taxonomy":"post_tag","embeddable":true,"href":"https:\/\/www.cordobatimes.com\/showup\/wp-json\/wp\/v2\/tags?post=96831"}],"curies":[{"name":"wp","href":"https:\/\/api.w.org\/{rel}","templated":true}]}}