{"id":96815,"date":"2023-03-16T09:56:10","date_gmt":"2023-03-16T12:56:10","guid":{"rendered":"https:\/\/www.cordobatimes.com\/showup\/?p=96815"},"modified":"2023-03-16T09:56:10","modified_gmt":"2023-03-16T12:56:10","slug":"jimena-baron-lanzo-el-videoclip-de-los-locos","status":"publish","type":"post","link":"https:\/\/www.cordobatimes.com\/showup\/musica\/2023\/03\/16\/jimena-baron-lanzo-el-videoclip-de-los-locos\/","title":{"rendered":"Jimena Bar\u00f3n lanz\u00f3 el videoclip de Los Locos"},"content":{"rendered":"<h3><strong>La cantante present\u00f3 el nuevo adelanto de su pr\u00f3ximo \u00e1lbum, y explic\u00f3 en sus redes el hecho real que lo dispar\u00f3.<\/strong><\/h3>\n<p>Jimena Bar\u00f3n\u00a0present\u00f3 el nuevo videoclip\u00a0\u201cLos Locos\u201d\u00a0a trav\u00e9s de las diferentes plataformas, como Youtube, Spotify, Amazon Music, entre otras. Este es el cuarto adelanto de lo que ser\u00e1 el pr\u00f3ximo \u00e1lbum de la cantante que en breve ser\u00e1 lanzado. La producci\u00f3n de este material la realiz\u00f3 de la mano de\u00a0Juan Lucas Arbe y Mauro De Tommaso.<\/p>\n<p>En esta oportunidad, la popular artista aparece al comienzo del video con un vestido de novia entrando a una iglesia para casarse. \u201cAl fin un hombre bien, que me cuida, que me quiere, que a todos les gusta, aprend\u00ed. Todos pueden ver que entend\u00ed del buen querer, que ya s\u00e9 hacerme valer, Que el pasado ya es pasado porque ahora elijo bien\u201d, dice la int\u00e9rprete.<\/p>\n<p>Aunque ella cree que encontr\u00f3 a su pareja ideal, se da cuenta que no es el pr\u00edncipe con el que ella so\u00f1aba. Cuando descubre que ha sido traicionada, decide no casarse y toma una dr\u00e1stica decisi\u00f3n de deshacerse de \u00e9l. \u201cLoco, resultaste ser otro loco. Si lo bueno dura tan poco, no pienso llorar. Otro loco, que no digan que los provoco, se me pegan ni bien los toco, siempre el mismo final\u201d, dice\u00a0J Mena.<\/p>\n<p>El video sigue d\u00e1ndole forma a un relato que, a modo de un rompecabezas, nos continua presentando a este personaje que tiene la presi\u00f3n de ser la mujer perfecta y se encuentra con la ara\u00f1a, que a modo simb\u00f3lico para ella representa la traici\u00f3n. Esto la lleva a replantearse todo e ir por nuevos caminos en su vida. De esta manera, la artista vuelve a cantar una historia de desamor, tragedia y enga\u00f1o.<\/p>\n<p>Como todos los clips del \u00e1lbum que ya fueron presentados, \u201cLos Locos\u201d tambi\u00e9n fue rodado en la ciudad de\u00a0San Emilio,\u00a0con la direcci\u00f3n de\u00a0Tom Abramzon.\u00a0Esta nueva canci\u00f3n es el primer cap\u00edtulo del \u00e1lbum \u00edntimo y conceptual del que ya se dieron a conocer\u00a0\u201cLa Ara\u00f1a\u201d, \u201cMi Felicidad\u201d y, m\u00e1s recientemente, \u201cCruel y Despiadado\u201d.<\/p>\n<p>Este tema est\u00e1 basado en una experiencia personal que vivi\u00f3 hace un tiempo. En una historia de Instagram, ella record\u00f3 que un hombre con quien sal\u00eda ten\u00eda un asado con amigos y hab\u00edan quedado en verse despu\u00e9s de esa comida. Ella le dijo que despu\u00e9s de comer, le escribiera para ver si ella estaba todav\u00eda despierta y pod\u00edan juntarse.<\/p>\n<p>\u201cSe va al asado con los amigos. Yo me quedo dormida y a la madrugada me suena el timbre de mi casa. Miro la hora y ten\u00eda 11 llamadas perdidas. Yo dije: \u2018Este tipo est\u00e1 loco\u2019. No atend\u00ed porque ya aprend\u00ed sobre los locos, me vuelvo a dormir y al rato vuelve a sonar el timbre\u201d, se\u00f1al\u00f3 la actriz. \u201cA la ma\u00f1ana siguiente le digo: \u2018Tengo 11 llamadas perdidas, son\u00f3 el timbre dos veces a la madrugada, a menos que haya muerto alguien, yo con locos no me vinculo m\u00e1s\u2019\u201d, cerr\u00f3.<\/p>\n<p><iframe loading=\"lazy\" width=\"560\" height=\"315\" src=\"https:\/\/www.youtube.com\/embed\/A41KOW6R30Q\" title=\"YouTube video player\" frameborder=\"0\" allow=\"accelerometer; autoplay; clipboard-write; encrypted-media; gyroscope; picture-in-picture; web-share\" allowfullscreen><\/iframe><\/p>\n","protected":false},"excerpt":{"rendered":"<p>La cantante present\u00f3 el nuevo adelanto de su pr\u00f3ximo \u00e1lbum, y explic\u00f3 en sus redes el hecho real que lo dispar\u00f3. Jimena Bar\u00f3n\u00a0present\u00f3 el nuevo videoclip\u00a0\u201cLos Locos\u201d\u00a0a trav\u00e9s de las diferentes plataformas, como Youtube, Spotify, Amazon Music, entre otras. Este es el cuarto adelanto de lo que ser\u00e1 el pr\u00f3ximo \u00e1lbum de la cantante que [&hellip;]<\/p>\n","protected":false},"author":1,"featured_media":96816,"comment_status":"closed","ping_status":"closed","sticky":false,"template":"","format":"standard","meta":{"_seopress_robots_primary_cat":"","_seopress_titles_title":"","_seopress_titles_desc":"","_seopress_robots_index":"","footnotes":""},"categories":[5],"tags":[36519,36518],"class_list":{"0":"post-96815","1":"post","2":"type-post","3":"status-publish","4":"format-standard","5":"has-post-thumbnail","7":"category-musica","8":"tag-jimena-baron-los-locos","9":"tag-videoclip-de-los-locos"},"_links":{"self":[{"href":"https:\/\/www.cordobatimes.com\/showup\/wp-json\/wp\/v2\/posts\/96815","targetHints":{"allow":["GET"]}}],"collection":[{"href":"https:\/\/www.cordobatimes.com\/showup\/wp-json\/wp\/v2\/posts"}],"about":[{"href":"https:\/\/www.cordobatimes.com\/showup\/wp-json\/wp\/v2\/types\/post"}],"author":[{"embeddable":true,"href":"https:\/\/www.cordobatimes.com\/showup\/wp-json\/wp\/v2\/users\/1"}],"replies":[{"embeddable":true,"href":"https:\/\/www.cordobatimes.com\/showup\/wp-json\/wp\/v2\/comments?post=96815"}],"version-history":[{"count":0,"href":"https:\/\/www.cordobatimes.com\/showup\/wp-json\/wp\/v2\/posts\/96815\/revisions"}],"wp:featuredmedia":[{"embeddable":true,"href":"https:\/\/www.cordobatimes.com\/showup\/wp-json\/wp\/v2\/media\/96816"}],"wp:attachment":[{"href":"https:\/\/www.cordobatimes.com\/showup\/wp-json\/wp\/v2\/media?parent=96815"}],"wp:term":[{"taxonomy":"category","embeddable":true,"href":"https:\/\/www.cordobatimes.com\/showup\/wp-json\/wp\/v2\/categories?post=96815"},{"taxonomy":"post_tag","embeddable":true,"href":"https:\/\/www.cordobatimes.com\/showup\/wp-json\/wp\/v2\/tags?post=96815"}],"curies":[{"name":"wp","href":"https:\/\/api.w.org\/{rel}","templated":true}]}}