{"id":96790,"date":"2023-03-14T10:49:30","date_gmt":"2023-03-14T13:49:30","guid":{"rendered":"https:\/\/www.cordobatimes.com\/showup\/?p=96790"},"modified":"2023-03-14T10:53:32","modified_gmt":"2023-03-14T13:53:32","slug":"cuales-son-las-alternativas-sustentables-para-comprar-moda-atemporal","status":"publish","type":"post","link":"https:\/\/www.cordobatimes.com\/showup\/moda-y-estilos\/2023\/03\/14\/cuales-son-las-alternativas-sustentables-para-comprar-moda-atemporal\/","title":{"rendered":"Cu\u00e1les son las alternativas sustentables para comprar moda atemporal"},"content":{"rendered":"<h3><strong>La sustentabilidad arde en el top de las tem\u00e1ticas sociales que aumentaron su nivel de relevancia en los \u00faltimos a\u00f1os.<\/strong><\/h3>\n<p>Como si fuera un pulpo:\u00a0la moda es un tent\u00e1culo m\u00e1s en el ecosistema que contribuye al proceso de aceleraci\u00f3n de la crisis clim\u00e1tica. Mientras los principales grupos empresariales de la industria\u00a0dise\u00f1an planes de acci\u00f3n con el objetivo de reducir los porcentajes de contaminaci\u00f3n, los consumidores son\u00a0minuciosos en los detalles de los tejidos y en la calidad de las telas\u00a0en las que se invierte. Las\u00a0ferias vintage y la iniciativa de ropa circular\u00a0se ubican como tendencias y promueven\u00a0modelos sustentables de adquisici\u00f3n de indumentaria.<\/p>\n<p>A la par del marzo m\u00e1s caluroso en la historia reciente &#8211; al menos en gran parte de Argentina -,\u00a0la ecolog\u00eda se transform\u00f3 en un lifestyle transversal a la cotidianidad: el compost, el reciclaje, la regulaci\u00f3n en el uso del agua y la elecci\u00f3n de alimentos org\u00e1nicos aparecen como pr\u00e1cticas regulares. Pero en la etapa post pandemia,\u00a0la moda tambi\u00e9n comenz\u00f3 a replantearse los modelos de producci\u00f3n y de consumo.<\/p>\n<p>Zara trabaja en un proyecto para el 2040 que busca reducir al 0% las emisiones de agentes contaminantes eliminando la confecci\u00f3n de prendas de un solo uso y anteponiendo los tejidos nobles.<\/p>\n<p>Las iniciativas que se desprenden de las principales compa\u00f1\u00edas empresariales de indumentaria\u00a0tienen como meta disminuir el impacto ambiental que genera la industria modificando t\u00e9cnicas de fabricaci\u00f3n: el reciclado de telas y la selecci\u00f3n de materiales naturales son sustanciales en este escenario.<\/p>\n<p>De acuerdo a un estudio realizado por la ONU en 2019, la industria de la moda integra el top 5 de las m\u00e1s contaminantes a nivel mundial.<\/p>\n<p><img alt=\"\" loading=\"lazy\" decoding=\"async\" class=\"alignnone wp-image-96792 size-full\" src=\"https:\/\/www.cordobatimes.com\/showup\/wp-content\/uploads\/2023\/03\/Pantallazo-14-03-2023-10.26.56.jpg\" alt=\"\" width=\"537\" height=\"812\" srcset=\"https:\/\/www.cordobatimes.com\/showup\/wp-content\/uploads\/2023\/03\/Pantallazo-14-03-2023-10.26.56.jpg 537w, https:\/\/www.cordobatimes.com\/showup\/wp-content\/uploads\/2023\/03\/Pantallazo-14-03-2023-10.26.56-278x420.jpg 278w\" sizes=\"auto, (max-width: 537px) 100vw, 537px\" \/><\/p>\n<h3><strong>Ropa circular: el germen de las ferias vintage revivi\u00f3 en Tik Tok\u00a0<\/strong><\/h3>\n<p><strong>Fast fashion<\/strong>:\u00a0 es un t\u00e9rmino popular en la moda. Se termin\u00f3 de instalar durante las d\u00e9cadas del 80 y 90 tras la aparici\u00f3n de las marcas de moda de cadena, con sucursales distribuidas en todo el mundo. El nombre hace alusi\u00f3n al poco tiempo de vida \u00fatil de la indumentaria que sigue la inmediatez de las tendencias. La fabricaci\u00f3n es industrial, con materiales de baja calidad y no se dise\u00f1an con foco en la perdurabilidad.<\/p>\n<p>El principal problema del\u00a0fast fashion\u00a0es que siempre que aparece una nueva tendencia, los dise\u00f1os de las vidrieras se replican en busca de incrementar las ventas. Ni los vestidos ni la alta costura quedan exentos. La oferta es similar en las distintas casas de moda y, aquellos dise\u00f1os que proponen un concepto distinto, pueden ser inaccesibles desde la perspectiva econ\u00f3mica.<\/p>\n<p>\u201cLa idea es hacer circular la ropa. Que tenga varios usos hasta que cumpla su ciclo. Muchas veces nos compramos un vestido de fiesta y tal vez lo usamos una o dos veces porque no nos gusta repetir, y la verdad que no tiene mucho sentido. M\u00e1s que nada por lo que lleva el gasto general de hacer una prenda. Claramente sabemos que el vestido, dependiendo de la tela, tiene m\u00e1s de un uso\u201d.<\/p>\n<p><img alt=\"\" loading=\"lazy\" decoding=\"async\" class=\"alignnone wp-image-96793 size-full\" src=\"https:\/\/www.cordobatimes.com\/showup\/wp-content\/uploads\/2023\/03\/Pantallazo-14-03-2023-10.41.07.jpg\" alt=\"\" width=\"549\" height=\"828\" srcset=\"https:\/\/www.cordobatimes.com\/showup\/wp-content\/uploads\/2023\/03\/Pantallazo-14-03-2023-10.41.07.jpg 549w, https:\/\/www.cordobatimes.com\/showup\/wp-content\/uploads\/2023\/03\/Pantallazo-14-03-2023-10.41.07-278x420.jpg 278w\" sizes=\"auto, (max-width: 549px) 100vw, 549px\" \/><\/p>\n","protected":false},"excerpt":{"rendered":"<p>La sustentabilidad arde en el top de las tem\u00e1ticas sociales que aumentaron su nivel de relevancia en los \u00faltimos a\u00f1os. Como si fuera un pulpo:\u00a0la moda es un tent\u00e1culo m\u00e1s en el ecosistema que contribuye al proceso de aceleraci\u00f3n de la crisis clim\u00e1tica. Mientras los principales grupos empresariales de la industria\u00a0dise\u00f1an planes de acci\u00f3n con [&hellip;]<\/p>\n","protected":false},"author":1,"featured_media":96791,"comment_status":"closed","ping_status":"closed","sticky":false,"template":"","format":"standard","meta":{"_seopress_robots_primary_cat":"","_seopress_titles_title":"","_seopress_titles_desc":"","_seopress_robots_index":"","footnotes":""},"categories":[228],"tags":[36497,36501,36500,36498,36499],"class_list":{"0":"post-96790","1":"post","2":"type-post","3":"status-publish","4":"format-standard","5":"has-post-thumbnail","7":"category-moda-y-estilos","8":"tag-alternativas-sustentables-para-comprar-moda-atemporal","9":"tag-fast-fashion","10":"tag-ferias-vintage","11":"tag-moda-atemporal","12":"tag-ropa-circular"},"_links":{"self":[{"href":"https:\/\/www.cordobatimes.com\/showup\/wp-json\/wp\/v2\/posts\/96790","targetHints":{"allow":["GET"]}}],"collection":[{"href":"https:\/\/www.cordobatimes.com\/showup\/wp-json\/wp\/v2\/posts"}],"about":[{"href":"https:\/\/www.cordobatimes.com\/showup\/wp-json\/wp\/v2\/types\/post"}],"author":[{"embeddable":true,"href":"https:\/\/www.cordobatimes.com\/showup\/wp-json\/wp\/v2\/users\/1"}],"replies":[{"embeddable":true,"href":"https:\/\/www.cordobatimes.com\/showup\/wp-json\/wp\/v2\/comments?post=96790"}],"version-history":[{"count":0,"href":"https:\/\/www.cordobatimes.com\/showup\/wp-json\/wp\/v2\/posts\/96790\/revisions"}],"wp:featuredmedia":[{"embeddable":true,"href":"https:\/\/www.cordobatimes.com\/showup\/wp-json\/wp\/v2\/media\/96791"}],"wp:attachment":[{"href":"https:\/\/www.cordobatimes.com\/showup\/wp-json\/wp\/v2\/media?parent=96790"}],"wp:term":[{"taxonomy":"category","embeddable":true,"href":"https:\/\/www.cordobatimes.com\/showup\/wp-json\/wp\/v2\/categories?post=96790"},{"taxonomy":"post_tag","embeddable":true,"href":"https:\/\/www.cordobatimes.com\/showup\/wp-json\/wp\/v2\/tags?post=96790"}],"curies":[{"name":"wp","href":"https:\/\/api.w.org\/{rel}","templated":true}]}}