{"id":96730,"date":"2023-03-11T09:29:31","date_gmt":"2023-03-11T12:29:31","guid":{"rendered":"https:\/\/www.cordobatimes.com\/showup\/?p=96730"},"modified":"2023-03-11T09:29:31","modified_gmt":"2023-03-11T12:29:31","slug":"chano-volvio-a-los-escenarios-tras-su-internacion","status":"publish","type":"post","link":"https:\/\/www.cordobatimes.com\/showup\/musica\/2023\/03\/11\/chano-volvio-a-los-escenarios-tras-su-internacion\/","title":{"rendered":"Chano volvi\u00f3 a los escenarios tras su internaci\u00f3n"},"content":{"rendered":"<h3><strong>A una semana de recibir el alta m\u00e9dica, el m\u00fasico dio el primero de sus dos shows pautados en La Plata, ambos con entradas agotadas.<\/strong><\/h3>\n<p>\u201cTengo muchas ganas de verlos en La Plata\u201d. Hace exactamente una semana,\u00a0Santiago\u00a0Chano\u00a0Moreno Charpentier\u00a0posteaba este mensaje en su cuenta de Instagram luego de dejar atr\u00e1s 15 d\u00edas de internaci\u00f3n en el Sanatorio Otamendi. El m\u00fasico estuvo sedado e intubado, hasta que su cuadro fue mejorando y sali\u00f3 para continuar su tratamiento en una comunidad terap\u00e9utica. En el horizonte lo esperaban una serie de conciertos que empezaron este viernes. Y el ex\u00a0Tan Bi\u00f3nica\u00a0cumpli\u00f3 con su palabra.<\/p>\n<p>El Estadio Atenas de la ciudad de las diagonales alberg\u00f3 el primero de los dos shows que tiene pautados all\u00ed Chano y que continuar\u00e1n este s\u00e1bado. El viernes 17, la cita es en el Escenario Flow del\u00a0Festival Lollapalooza, que se realizar\u00e1 en el Hip\u00f3dromo de San Isidro. Y luego, seg\u00fan lo que hab\u00eda manifestado previo a su internaci\u00f3n, se retirar\u00e1 moment\u00e1neamente de los escenarios.<\/p>\n<p>\u201cHola amigos y amigas: Espero que est\u00e9n bien y felices. Quiero contarles que ya estoy absolutamente recuperado gracias al sanatorio Otamendi y listo para seguir disfrutando de la vida. Les cuento que por mi parte sigo haciendo al pie de la letra mi tratamiento en UDIGENS\u201d, hab\u00eda se\u00f1alado el m\u00fasico luego de recibir el alta m\u00e9dica, en el mensaje en el que invit\u00f3 a sus seguidores al show de La Plata.<\/p>\n<p>Hacia all\u00ed fueron las c\u00e1maras de\u00a0Invasores de la TV\u00a0(Am\u00e9rica) y mostraron un fragmento del recital. A Chano se lo vio de buen semblante, rodeado de sus m\u00fasicos y ante el cari\u00f1o de sus fans.\u00a0\u201cEst\u00e1 feliz, es Highlander\u201d, manifest\u00f3 su madre,\u00a0Marina Charpentier, en di\u00e1logo en directo con la conductora\u00a0Bel\u00e9n Ludue\u00f1a.\u00a0En el escenario, el cantante agradeci\u00f3 a su p\u00fablico y present\u00f3 \u201ca la nueva promesa que se comparti\u00f3 en una estrella de la m\u00e1s importantes de esta ciudad. Un amigo que siempre confi\u00f3 en m\u00ed, y siempre me empuj\u00f3 a querer hacer m\u00fasica con \u00e9l\u201d. La menci\u00f3n era para Francisco Lago, cantante de los locales Cruzando el Charco, con quien interpret\u00f3 \u201cElla\u201d.<\/p>\n<p>Previamente, el m\u00fasico se hab\u00eda dirigido a su p\u00fablico, con palabras que reprodujo el cronista Tucho Des-Cais. \u201cAprovecho que est\u00e1n los medios para decir que estoy bien. Ped\u00ed que me sacaran la intubaci\u00f3n porque me lastimaban las cuerdas vocales\u201d, se\u00f1al\u00f3 Chano, que admiti\u00f3 haberse dado dos inyecciones para poder actuar. Sus fan\u00e1ticos deliraron con cada una de sus canciones y aprovecharon las pausas para hidratarse o tomar un poco de aire, en medio de la extrema ola de calor que atraviesa el pa\u00eds.<\/p>\n<div style=\"width: 480px;\" class=\"wp-video\"><video class=\"wp-video-shortcode\" id=\"video-96730-1\" width=\"480\" height=\"270\" preload=\"metadata\" controls=\"controls\"><source type=\"video\/mp4\" src=\"https:\/\/www.cordobatimes.com\/showup\/wp-content\/uploads\/2023\/03\/0Epx0aTm-34105376.mp4?_=1\" \/><a href=\"https:\/\/www.cordobatimes.com\/showup\/wp-content\/uploads\/2023\/03\/0Epx0aTm-34105376.mp4\">https:\/\/www.cordobatimes.com\/showup\/wp-content\/uploads\/2023\/03\/0Epx0aTm-34105376.mp4<\/a><\/video><\/div>\n","protected":false},"excerpt":{"rendered":"<p>A una semana de recibir el alta m\u00e9dica, el m\u00fasico dio el primero de sus dos shows pautados en La Plata, ambos con entradas agotadas. \u201cTengo muchas ganas de verlos en La Plata\u201d. Hace exactamente una semana,\u00a0Santiago\u00a0Chano\u00a0Moreno Charpentier\u00a0posteaba este mensaje en su cuenta de Instagram luego de dejar atr\u00e1s 15 d\u00edas de internaci\u00f3n en el [&hellip;]<\/p>\n","protected":false},"author":1,"featured_media":96731,"comment_status":"closed","ping_status":"closed","sticky":false,"template":"","format":"standard","meta":{"_seopress_robots_primary_cat":"","_seopress_titles_title":"","_seopress_titles_desc":"","_seopress_robots_index":"","footnotes":""},"categories":[5],"tags":[36455,36456,36343],"class_list":{"0":"post-96730","1":"post","2":"type-post","3":"status-publish","4":"format-standard","5":"has-post-thumbnail","7":"category-musica","8":"tag-chano-en-la-plata","9":"tag-chano-volvio-al-escenario","10":"tag-salud-de-chano"},"_links":{"self":[{"href":"https:\/\/www.cordobatimes.com\/showup\/wp-json\/wp\/v2\/posts\/96730","targetHints":{"allow":["GET"]}}],"collection":[{"href":"https:\/\/www.cordobatimes.com\/showup\/wp-json\/wp\/v2\/posts"}],"about":[{"href":"https:\/\/www.cordobatimes.com\/showup\/wp-json\/wp\/v2\/types\/post"}],"author":[{"embeddable":true,"href":"https:\/\/www.cordobatimes.com\/showup\/wp-json\/wp\/v2\/users\/1"}],"replies":[{"embeddable":true,"href":"https:\/\/www.cordobatimes.com\/showup\/wp-json\/wp\/v2\/comments?post=96730"}],"version-history":[{"count":0,"href":"https:\/\/www.cordobatimes.com\/showup\/wp-json\/wp\/v2\/posts\/96730\/revisions"}],"wp:featuredmedia":[{"embeddable":true,"href":"https:\/\/www.cordobatimes.com\/showup\/wp-json\/wp\/v2\/media\/96731"}],"wp:attachment":[{"href":"https:\/\/www.cordobatimes.com\/showup\/wp-json\/wp\/v2\/media?parent=96730"}],"wp:term":[{"taxonomy":"category","embeddable":true,"href":"https:\/\/www.cordobatimes.com\/showup\/wp-json\/wp\/v2\/categories?post=96730"},{"taxonomy":"post_tag","embeddable":true,"href":"https:\/\/www.cordobatimes.com\/showup\/wp-json\/wp\/v2\/tags?post=96730"}],"curies":[{"name":"wp","href":"https:\/\/api.w.org\/{rel}","templated":true}]}}