{"id":96697,"date":"2023-03-09T11:56:24","date_gmt":"2023-03-09T14:56:24","guid":{"rendered":"https:\/\/www.cordobatimes.com\/showup\/?p=96697"},"modified":"2023-03-09T11:56:24","modified_gmt":"2023-03-09T14:56:24","slug":"la-pelicula-argentina-1985-es-la-favorita-en-los-premios-platino-con-14-nominaciones","status":"publish","type":"post","link":"https:\/\/www.cordobatimes.com\/showup\/cine-y-series\/2023\/03\/09\/la-pelicula-argentina-1985-es-la-favorita-en-los-premios-platino-con-14-nominaciones\/","title":{"rendered":"La pel\u00edcula  Argentina, 1985 es la favorita en los Premios Platino con 14 nominaciones"},"content":{"rendered":"<h3><strong>La ceremonia de premiaci\u00f3n del galard\u00f3n m\u00e1s importante del cine de Iberoam\u00e9rica estar\u00e1 marcada por una fuerte presencia de las producciones nacionales.<\/strong><\/h3>\n<p>A d\u00edas de la entrega de los premios Oscar, se confirm\u00f3 ahora que el filme\u00a0Argentina, 1985\u00a0sum\u00f3 14 nominaciones para la pr\u00f3xima ceremonia de los\u00a0Premios Platino, que distingue a lo mejor del cine de Iberoam\u00e9rica, y cuyo evento ser\u00e1 en Madrid con transmisi\u00f3n para todo el mundo.<\/p>\n<p>La obra argentina dirigida por\u00a0Santiago Mitre\u00a0es la producci\u00f3n con mayor n\u00famero de nominaciones, seguida por la pel\u00edcula espa\u00f1ola\u00a0As bestas, la cinta mexicana\u00a0BARDO, falsa cr\u00f3nica de unas cuantas verdades, el filme espa\u00f1ol\u00a0Cinco lobitos\u00a0y la serie colombiana\u00a0Noticia de un secuestro, todas ellas con 6 , lo que da cuenta de la posici\u00f3n alcanzada por la producci\u00f3n argentina respecto del resto.<\/p>\n<p>Los int\u00e9rpretes que optar\u00e1n a los galardones por sus papeles cinematogr\u00e1ficos son\u00a0Alejandra Flechner,\u00a0Carlos Portaluppi,\u00a0Norman Briski,\u00a0Peter Lanzani\u00a0y\u00a0Ricardo Dar\u00edn\u00a0por\u00a0Argentina, 1985,\u00a0Aline K\u00fcppenheim\u00a0por\u00a01976,\u00a0Antonia Zegers\u00a0por\u00a0El castigo,\u00a0Carmen Machi\u00a0y\u00a0Laura Gal\u00e1n\u00a0por\u00a0Cerdita,\u00a0Daniel Gim\u00e9nez Cacho\u00a0por\u00a0BARDO, falsa cr\u00f3nica de unas cuantas verdades,\u00a0Laia Costa,\u00a0Ram\u00f3n Barea\u00a0y\u00a0Susi S\u00e1nchez\u00a0por\u00a0Cinco lobitos,\u00a0Luis Tosar\u00a0y\u00a0Pen\u00e9lope Cruz\u00a0por\u00a0En los m\u00e1rgenes,\u00a0Luis Zahera\u00a0por\u00a0As bestas\u00a0y\u00a0Magnolia N\u00fa\u00f1ez\u00a0por\u00a0Carajita.<\/p>\n<p>En el apartado televisivo, los finalistas son\u00a0Guillermo Francella\u00a0por\u00a0El encargado,\u00a0Alejandro Awada\u00a0por\u00a0Iosi,\u00a0el esp\u00eda arrepentido,\u00a0Natalia Oreiro\u00a0por\u00a0Santa Evita,\u00a0Amparo Noguera\u00a0y\u00a0Claudia Di Girolamo\u00a0por\u00a042 d\u00edas en la oscuridad,\u00a0Andr\u00e9s Parra\u00a0y\u00a0Paulina Gait\u00e1n por\u00a0Belascoar\u00e1n,\u00a0Cristina Uma\u00f1a, Juan Pablo Raba, Majida Issa\u00a0y\u00a0Rodrigo Celis\u00a0por\u00a0Noticia de un secuestro, Daniel Gim\u00e9nez Cacho\u00a0por\u00a0Un extra\u00f1o enemigo.\u00a0T2,\u00a0David Lorente, Juan Diego Botto\u00a0y\u00a0Leonor Watling\u00a0por\u00a0No me gusta conducir\u00a0y\u00a0Ver\u00f3nica Echegui\u00a0por\u00a0Intimidad.<\/p>\n<p>La gala que se celebrar\u00e1 el pr\u00f3ximo 22 de abril en Palacio Municipal IFEMA de Madrid reconocer\u00e1 tambi\u00e9n a la\u00a0Mejor Pel\u00edcula Iberoamericana de Ficci\u00f3n, entre las que parten como nominadas las espa\u00f1olas\u00a0Alcarr\u00e0s, de\u00a0Carla Sim\u00f3n\u00a0y\u00a0As bestas\u00a0de\u00a0Rodrigo Sorogoyen, la argentina\u00a0Argentina, 1985, de\u00a0Santiago Mitre\u00a0y la mexicana\u00a0BARDO, falsa cr\u00f3nica de unas cuantas verdades, de\u00a0Alejandro G. I\u00f1\u00e1rritu\u00a0Los galardones tambi\u00e9n coronar\u00e1n a la\u00a0Mejor Miniserie o Teleserie Cinematogr\u00e1fica Iberoamericana de Ficci\u00f3n o Documental, categor\u00eda a la que concurren las argentinas\u00a0El encargado, de\u00a0Mariano Cohn y Gast\u00f3n Duprat,\u00a0Iosi, el esp\u00eda arrepentido, de\u00a0Daniel Burman, y\u00a0Santa Evita, de\u00a0Rodrigo Garc\u00eda\u00a0y\u00a0Alejandro Maci, y la colombiana\u00a0Noticia de un secuestro, de\u00a0Andr\u00e9s Wood\u00a0y\u00a0Rodrigo Garc\u00eda.<\/p>\n<p>Las finalistas fueron desveladas por\u00a0Amaia Salamanca,\u00a0Cristina Casta\u00f1o,\u00a0Nerea Barros\u00a0y\u00a0Rub\u00e9n Cortada\u00a0en un acto que tuvo lugar en la Fundaci\u00f3n Espa\u00f1ola del Coraz\u00f3n este jueves 9 de marzo. As\u00ed, el anuncio dio a conocer que las producciones con m\u00e1s nominaciones son la pel\u00edcula\u00a0Argentina, 1985, con 14 candidaturas, seguida por la obra espa\u00f1ola As bestas, la cinta mexicana BARDO, falsa cr\u00f3nica de unas cuantas verdades, el filme espa\u00f1ol Cinco lobitos y la serie colombiana Noticia de un secuestro, todas ellas con 6.<\/p>\n<p>De esta manera, las nominaciones de los Platino quedan repartidas entre doce pa\u00edses diferentes (Argentina, Bolivia, Chile, Colombia, Cuba, Espa\u00f1a, Guatemala, M\u00e9xico, Nicaragua, Paraguay, Rep\u00fablica Dominicana y Uruguay), con Espa\u00f1a obteniendo un 34% de las candidaturas cinematogr\u00e1ficas seguida por Argentina, con un 24% y Chile y M\u00e9xico, ambas con un 10%, mientras que Argentina se sit\u00faa a la cabeza de las nominaciones de producciones de series con un 33%, seguida de Colombia, con un 29%, Espa\u00f1a, con un 17%, y M\u00e9xico, con un 13%.<\/p>\n<p class=\"paragraph\" data-mrf-recirculation=\"Links inline\"><b>TODAS LAS NOMINACIONES<\/b><\/p>\n<p class=\"paragraph\" data-mrf-recirculation=\"Links inline\"><b>Mejor Interpretaci\u00f3n Femenina<\/b><\/p>\n<p class=\"paragraph\" data-mrf-recirculation=\"Links inline\">Aline K\u00fcppenheim,\u00a0<i>1976<\/i><\/p>\n<p class=\"paragraph\" data-mrf-recirculation=\"Links inline\">Antonia Zegers,\u00a0<i>El castigo<\/i><\/p>\n<p class=\"paragraph\" data-mrf-recirculation=\"Links inline\">Laia Costa,\u00a0<i>Cinco lobitos\u00a0<\/i><\/p>\n<p class=\"paragraph\" data-mrf-recirculation=\"Links inline\">Laura Gal\u00e1n.\u00a0<i>Cerdita<\/i><\/p>\n<p class=\"paragraph\" data-mrf-recirculation=\"Links inline\">Magnolia N\u00fa\u00f1ez,\u00a0<i>Carajita<\/i><\/p>\n<p class=\"paragraph\" data-mrf-recirculation=\"Links inline\"><b>Mejor Interpretaci\u00f3n Masculina<\/b><\/p>\n<p class=\"paragraph\" data-mrf-recirculation=\"Links inline\">Daniel Gim\u00e9nez Cacho,\u00a0<i>BARDO, falsa cr\u00f3nica de unas cuantas verdades<\/i><\/p>\n<p class=\"paragraph\" data-mrf-recirculation=\"Links inline\">Luis Tosar,\u00a0<i>En los m\u00e1rgenes<\/i><\/p>\n<p class=\"paragraph\" data-mrf-recirculation=\"Links inline\">Peter Lanzani,\u00a0<i>Argentina, 1985<\/i><\/p>\n<p class=\"paragraph\" data-mrf-recirculation=\"Links inline\">Ricardo Dar\u00edn,\u00a0<i>Argentina, 1985<\/i><\/p>\n<p class=\"paragraph\" data-mrf-recirculation=\"Links inline\"><b>Mejor Interpretaci\u00f3n Masculina de Reparto\u00a0<\/b><\/p>\n<p class=\"paragraph\" data-mrf-recirculation=\"Links inline\">Carlos Portaluppi,\u00a0<i>Argentina, 1985<\/i><\/p>\n<p class=\"paragraph\" data-mrf-recirculation=\"Links inline\">Norman Briski,<i>\u00a0Argentina, 1985<\/i><\/p>\n<p class=\"paragraph\" data-mrf-recirculation=\"Links inline\">Luis Zahera,\u00a0<i>As bestas<\/i><\/p>\n<p class=\"paragraph\" data-mrf-recirculation=\"Links inline\">Ram\u00f3n Barea, Cinco lobitos<\/p>\n<p class=\"paragraph\" data-mrf-recirculation=\"Links inline\"><b>Mejor Interpretaci\u00f3n Femenina de Reparto<\/b><\/p>\n<p class=\"paragraph\" data-mrf-recirculation=\"Links inline\">Alejandra Flechner,\u00a0<i>Argentina, 1985<\/i><\/p>\n<p class=\"paragraph\" data-mrf-recirculation=\"Links inline\">Carmen Machi,\u00a0<i>Cerdita<\/i><\/p>\n<p class=\"paragraph\" data-mrf-recirculation=\"Links inline\">Pen\u00e9lope Cruz,\u00a0<i>En los m\u00e1rgenes<\/i><\/p>\n<p class=\"paragraph\" data-mrf-recirculation=\"Links inline\">Susi S\u00e1nchez,\u00a0<i>Cinco lobitos<\/i><\/p>\n<p class=\"paragraph\" data-mrf-recirculation=\"Links inline\"><b>Mejor Miniserie o Teleserie Cinematogr\u00e1fica Iberoamericana de Ficci\u00f3n o Documental\u00a0<\/b><\/p>\n<p class=\"paragraph\" data-mrf-recirculation=\"Links inline\"><i>El encargado<\/i><\/p>\n<p class=\"paragraph\" data-mrf-recirculation=\"Links inline\"><i>Iosi, el esp\u00eda arrepentido<\/i><\/p>\n<p class=\"paragraph\" data-mrf-recirculation=\"Links inline\"><i>Santa Evita<\/i><\/p>\n<p class=\"paragraph\" data-mrf-recirculation=\"Links inline\"><i>Noticia de un secuestro<\/i><\/p>\n<p class=\"paragraph\" data-mrf-recirculation=\"Links inline\"><b>Mejor Creador en Miniserie o Teleserie<\/b><\/p>\n<p class=\"paragraph\" data-mrf-recirculation=\"Links inline\">Andr\u00e9s Wood y Rodrigo Garc\u00eda,\u00a0<i>Noticia de un secuestro<\/i><\/p>\n<p class=\"paragraph\" data-mrf-recirculation=\"Links inline\">Daniel Burman,\u00a0<i>Iosi, el esp\u00eda arrepentido<\/i><\/p>\n<p class=\"paragraph\" data-mrf-recirculation=\"Links inline\">Leonardo Padr\u00f3n,\u00a0<i>P\u00e1lpito<\/i><\/p>\n<p class=\"paragraph\" data-mrf-recirculation=\"Links inline\">Mariano Cohn y Gast\u00f3n Duprat,\u00a0<i>El encargado<\/i><\/p>\n<p class=\"paragraph\" data-mrf-recirculation=\"Links inline\"><b>Mejor Interpretaci\u00f3n Femenina en Miniserie o Teleserie<\/b><\/p>\n<p class=\"paragraph\" data-mrf-recirculation=\"Links inline\">Claudia Di Girolamo,\u00a0<i>42 d\u00edas en la oscuridad<\/i><\/p>\n<p class=\"paragraph\" data-mrf-recirculation=\"Links inline\">Cristina Uma\u00f1a,\u00a0<i>Noticia de un secuestro<\/i><\/p>\n<p class=\"paragraph\" data-mrf-recirculation=\"Links inline\">Natalia Oreiro,\u00a0<i>Santa Evita<\/i><\/p>\n<p class=\"paragraph\" data-mrf-recirculation=\"Links inline\">Paulina Gait\u00e1n,\u00a0<i>Belascoar\u00e1n<\/i><\/p>\n<p class=\"paragraph\" data-mrf-recirculation=\"Links inline\"><b>Mejor Interpretaci\u00f3n Masculina en Miniserie o Teleserie<\/b><\/p>\n<p class=\"paragraph\" data-mrf-recirculation=\"Links inline\">Daniel Gim\u00e9nez Cacho,\u00a0<i>Un extra\u00f1o enemigo. T2<\/i><\/p>\n<p class=\"paragraph\" data-mrf-recirculation=\"Links inline\">Guillermo Francella,\u00a0<i>El encargado<\/i><\/p>\n<p class=\"paragraph\" data-mrf-recirculation=\"Links inline\">Juan Diego Botto,\u00a0<i>No me gusta conducir<\/i><\/p>\n<p class=\"paragraph\" data-mrf-recirculation=\"Links inline\">Juan Pablo Raba,\u00a0<i>Noticia de un secuestro<\/i><\/p>\n<p class=\"paragraph\" data-mrf-recirculation=\"Links inline\"><b>Mejor Interpretaci\u00f3n Masculina de Reparto en Miniserie o Teleserie<\/b><\/p>\n<p class=\"paragraph\" data-mrf-recirculation=\"Links inline\">Alejandro Awada,\u00a0<i>Iosi, el esp\u00eda arrepentido<\/i><\/p>\n<p class=\"paragraph\" data-mrf-recirculation=\"Links inline\">Andr\u00e9s Parra,\u00a0<i>Belascoar\u00e1n<\/i><\/p>\n<p class=\"paragraph\" data-mrf-recirculation=\"Links inline\">David Lorente,\u00a0<i>No me gusta conducir<\/i><\/p>\n<p class=\"paragraph\" data-mrf-recirculation=\"Links inline\">Rodrigo Celis,\u00a0<i>Noticia de un secuestro<\/i><\/p>\n<p class=\"paragraph\" data-mrf-recirculation=\"Links inline\"><b>Mejor Interpretaci\u00f3n Femenina de Reparto en Miniserie o Teleserie<\/b><\/p>\n<p class=\"paragraph\" data-mrf-recirculation=\"Links inline\">Amparo Noguera,\u00a0<i>42 d\u00edas en la oscuridad<\/i><\/p>\n<p class=\"paragraph\" data-mrf-recirculation=\"Links inline\">Leonor Watling,\u00a0<i>No me gusta conducir<\/i><\/p>\n<p class=\"paragraph\" data-mrf-recirculation=\"Links inline\">Majida Issa,\u00a0<i>Noticia de un secuestro<\/i><\/p>\n<p class=\"paragraph\" data-mrf-recirculation=\"Links inline\">Ver\u00f3nica Echegui,\u00a0<i>Intimidad<\/i><\/p>\n<p class=\"paragraph\" data-mrf-recirculation=\"Links inline\"><b>Mejor Pel\u00edcula Documental<\/b><\/p>\n<p class=\"paragraph\" data-mrf-recirculation=\"Links inline\"><i>Bosco<\/i><\/p>\n<p class=\"paragraph\" data-mrf-recirculation=\"Links inline\"><i>Eami<\/i><\/p>\n<p class=\"paragraph\" data-mrf-recirculation=\"Links inline\"><i>El caso Padilla<\/i><\/p>\n<p class=\"paragraph\" data-mrf-recirculation=\"Links inline\"><i>El silencio del topo<\/i><\/p>\n<p class=\"paragraph\" data-mrf-recirculation=\"Links inline\"><i>Mi pa\u00eds imaginario<\/i><\/p>\n<p class=\"paragraph\" data-mrf-recirculation=\"Links inline\"><b>Premio PLATINO a la Mejor \u00d3pera Prima Iberoamericana<\/b><\/p>\n<p class=\"paragraph\" data-mrf-recirculation=\"Links inline\"><i>1976<\/i><\/p>\n<p class=\"paragraph\" data-mrf-recirculation=\"Links inline\"><i>Cinco lobitos<\/i><\/p>\n<p class=\"paragraph\" data-mrf-recirculation=\"Links inline\"><i>La hija de todas las rabias<\/i><\/p>\n<p class=\"paragraph\" data-mrf-recirculation=\"Links inline\"><i>La jaur\u00eda<\/i><\/p>\n<p class=\"paragraph\" data-mrf-recirculation=\"Links inline\"><i>Utama<\/i><\/p>\n<p class=\"paragraph\" data-mrf-recirculation=\"Links inline\"><b>Mejor Guion<\/b><\/p>\n<p class=\"paragraph\" data-mrf-recirculation=\"Links inline\">Alejandro G. I\u00f1\u00e1rritu y Nicol\u00e1s Giacobone,\u00a0<i>BARDO, falsa cr\u00f3nica de unas cuantas verdades<\/i><\/p>\n<p class=\"paragraph\" data-mrf-recirculation=\"Links inline\">Isabel Pe\u00f1a y Rodrigo Sorogoyen,\u00a0<i>As bestas<\/i><\/p>\n<p class=\"paragraph\" data-mrf-recirculation=\"Links inline\">Manuela Martelli y Alejandra Moffat,\u00a0<i>1976<\/i><\/p>\n<p class=\"paragraph\" data-mrf-recirculation=\"Links inline\">Mariano Llin\u00e1s y Santiago Mitre,\u00a0<i>Argentina, 1985<\/i><\/p>\n<p class=\"paragraph\" data-mrf-recirculation=\"Links inline\"><b>Mejor M\u00fasica Original<\/b><\/p>\n<p class=\"paragraph\" data-mrf-recirculation=\"Links inline\">Ar\u00e1nzazu Calleja,\u00a0<i>Cinco lobitos<\/i><\/p>\n<p class=\"paragraph\" data-mrf-recirculation=\"Links inline\">Cergio Prudencio,\u00a0<i>Utama<\/i><\/p>\n<p class=\"paragraph\" data-mrf-recirculation=\"Links inline\">Leonardo Heiblum y Alexis Ru\u00edz,\u00a0<i>Los reyes del mundo<\/i><\/p>\n<p class=\"paragraph\" data-mrf-recirculation=\"Links inline\">Pedro Osuna,\u00a0<i>Argentina, 1985<\/i><\/p>\n<p class=\"paragraph\" data-mrf-recirculation=\"Links inline\"><b>Mejor Direcci\u00f3n de Arte<\/b><\/p>\n<p class=\"paragraph\" data-mrf-recirculation=\"Links inline\">Eugenio Caballero,\u00a0<i>BARDO, falsa cr\u00f3nica de unas cuantas verdades<\/i><\/p>\n<p class=\"paragraph\" data-mrf-recirculation=\"Links inline\">Francisca Correa,\u00a0<i>1976<\/i><\/p>\n<p class=\"paragraph\" data-mrf-recirculation=\"Links inline\">Micaela Saiegh,\u00a0<i>Argentina, 1985<\/i><\/p>\n<p class=\"paragraph\" data-mrf-recirculation=\"Links inline\">Pepe Dom\u00ednguez del Olmo,\u00a0<i>Modelo 77<\/i><\/p>\n<p class=\"paragraph\" data-mrf-recirculation=\"Links inline\"><b>Mejor Direcci\u00f3n de Montaje<\/b><\/p>\n<p class=\"paragraph\" data-mrf-recirculation=\"Links inline\">Alberto del Campo,\u00a0<i>As bestas<\/i><\/p>\n<p class=\"paragraph\" data-mrf-recirculation=\"Links inline\">Andr\u00e9s Pepe Estrada,<i>\u00a0Argentina, 1985<\/i><\/p>\n<p class=\"paragraph\" data-mrf-recirculation=\"Links inline\">Jos\u00e9 M. G. Moyano,\u00a0<i>Modelo 77<\/i><\/p>\n<p class=\"paragraph\" data-mrf-recirculation=\"Links inline\">Sebasti\u00e1n Hern\u00e1ndez y Gustavo Vasco,\u00a0<i>Los reyes del mundo\u00a0<\/i><\/p>\n<p class=\"paragraph\" data-mrf-recirculation=\"Links inline\"><b>Premio PLATINO a la Mejor Direcci\u00f3n de Fotograf\u00eda\u00a0<\/b><\/p>\n<p class=\"paragraph\" data-mrf-recirculation=\"Links inline\">B\u00e1rbara \u00c1lvarez,\u00a0<i>Utama<\/i><\/p>\n<p class=\"paragraph\" data-mrf-recirculation=\"Links inline\">Daniela Caj\u00edas,<i>\u00a0Alcarr\u00e0s<\/i><\/p>\n<p class=\"paragraph\" data-mrf-recirculation=\"Links inline\">David Gallego,\u00a0<i>Los reyes del mundo<\/i><\/p>\n<p class=\"paragraph\" data-mrf-recirculation=\"Links inline\">Javier Juli\u00e1,\u00a0<i>Argentina, 1985<\/i><\/p>\n<p class=\"paragraph\" data-mrf-recirculation=\"Links inline\"><b>Mejor Direcci\u00f3n de Sonido<\/b><\/p>\n<p class=\"paragraph\" data-mrf-recirculation=\"Links inline\">Aitor Berenguer, Fabiola Ordoyo y Yasmina Praderas,\u00a0<i>As bestas<\/i><\/p>\n<p class=\"paragraph\" data-mrf-recirculation=\"Links inline\">Carlos Garc\u00eda,\u00a0<i>Los reyes del mundo<\/i><\/p>\n<p class=\"paragraph\" data-mrf-recirculation=\"Links inline\">Federico Moreira,\u00a0<i>Utama\u00a0<\/i><\/p>\n<p class=\"paragraph\" data-mrf-recirculation=\"Links inline\">Santiago Fumagalli,\u00a0<i>Argentina, 1985<\/i><\/p>\n<p class=\"paragraph\" data-mrf-recirculation=\"Links inline\"><b>Mejor Pel\u00edcula de Animaci\u00f3n<\/b><\/p>\n<p class=\"paragraph\" data-mrf-recirculation=\"Links inline\"><i>\u00c1guila y Jaguar: Los Guerreros Legendarios<\/i>, de Mike R. Ortiz<\/p>\n<p class=\"paragraph\" data-mrf-recirculation=\"Links inline\"><i>El para\u00edso<\/i>, de Federico Moreno Breser y Fernando Sirianni<\/p>\n<p class=\"paragraph\" data-mrf-recirculation=\"Links inline\"><i>Tadeo Jones 3: La tabla esmeralda<\/i>, de Enrique Gato, y\u00a0<i>Unicorn wars<\/i>, de Alberto V\u00e1zquez<\/p>\n<p class=\"paragraph\" data-mrf-recirculation=\"Links inline\"><b>Premio PLATINO al Cine y Educaci\u00f3n en Valores\u00a0<\/b><\/p>\n<p class=\"paragraph\" data-mrf-recirculation=\"Links inline\"><i>Argentina, 1985<\/i>, de Santiago Migre<\/p>\n<p class=\"paragraph\" data-mrf-recirculation=\"Links inline\"><i>Cinco lobitos<\/i>, de Alauda Ruiz de Az\u00faa<\/p>\n<p class=\"paragraph\" data-mrf-recirculation=\"Links inline\"><i>El suplente<\/i>, de Diego Lerman<\/p>\n<p class=\"paragraph\" data-mrf-recirculation=\"Links inline\"><i>Utama,\u00a0<\/i>de Alejandro Loayza Grisi<\/p>\n","protected":false},"excerpt":{"rendered":"<p>La ceremonia de premiaci\u00f3n del galard\u00f3n m\u00e1s importante del cine de Iberoam\u00e9rica estar\u00e1 marcada por una fuerte presencia de las producciones nacionales. A d\u00edas de la entrega de los premios Oscar, se confirm\u00f3 ahora que el filme\u00a0Argentina, 1985\u00a0sum\u00f3 14 nominaciones para la pr\u00f3xima ceremonia de los\u00a0Premios Platino, que distingue a lo mejor del cine de [&hellip;]<\/p>\n","protected":false},"author":1,"featured_media":96432,"comment_status":"closed","ping_status":"closed","sticky":false,"template":"","format":"standard","meta":{"_seopress_robots_primary_cat":"","_seopress_titles_title":"","_seopress_titles_desc":"","_seopress_robots_index":"","footnotes":""},"categories":[3],"tags":[36436,36435],"class_list":{"0":"post-96697","1":"post","2":"type-post","3":"status-publish","4":"format-standard","5":"has-post-thumbnail","7":"category-cine-y-series","8":"tag-argentina-1985-cine-de-iberoamerica","9":"tag-pelicula-argentina-1985-premios-platino"},"_links":{"self":[{"href":"https:\/\/www.cordobatimes.com\/showup\/wp-json\/wp\/v2\/posts\/96697","targetHints":{"allow":["GET"]}}],"collection":[{"href":"https:\/\/www.cordobatimes.com\/showup\/wp-json\/wp\/v2\/posts"}],"about":[{"href":"https:\/\/www.cordobatimes.com\/showup\/wp-json\/wp\/v2\/types\/post"}],"author":[{"embeddable":true,"href":"https:\/\/www.cordobatimes.com\/showup\/wp-json\/wp\/v2\/users\/1"}],"replies":[{"embeddable":true,"href":"https:\/\/www.cordobatimes.com\/showup\/wp-json\/wp\/v2\/comments?post=96697"}],"version-history":[{"count":0,"href":"https:\/\/www.cordobatimes.com\/showup\/wp-json\/wp\/v2\/posts\/96697\/revisions"}],"wp:featuredmedia":[{"embeddable":true,"href":"https:\/\/www.cordobatimes.com\/showup\/wp-json\/wp\/v2\/media\/96432"}],"wp:attachment":[{"href":"https:\/\/www.cordobatimes.com\/showup\/wp-json\/wp\/v2\/media?parent=96697"}],"wp:term":[{"taxonomy":"category","embeddable":true,"href":"https:\/\/www.cordobatimes.com\/showup\/wp-json\/wp\/v2\/categories?post=96697"},{"taxonomy":"post_tag","embeddable":true,"href":"https:\/\/www.cordobatimes.com\/showup\/wp-json\/wp\/v2\/tags?post=96697"}],"curies":[{"name":"wp","href":"https:\/\/api.w.org\/{rel}","templated":true}]}}