{"id":96693,"date":"2023-03-09T11:13:05","date_gmt":"2023-03-09T14:13:05","guid":{"rendered":"https:\/\/www.cordobatimes.com\/showup\/?p=96693"},"modified":"2023-03-09T11:13:05","modified_gmt":"2023-03-09T14:13:05","slug":"benjamin-vicuna-sorprendio-con-un-altar-para-su-hija-blanca","status":"publish","type":"post","link":"https:\/\/www.cordobatimes.com\/showup\/famosos\/2023\/03\/09\/benjamin-vicuna-sorprendio-con-un-altar-para-su-hija-blanca\/","title":{"rendered":"Benjam\u00edn Vicu\u00f1a sorprendi\u00f3 con un altar para su hija Blanca"},"content":{"rendered":"<h3><strong>El actor homenaje\u00f3 a su nena como suele hacer todos los d\u00edas 8 de cada mes.\u00a0<\/strong><\/h3>\n<p>En esta oportunidad, el actor chileno decidi\u00f3 homenajearla mostrando en sus redes sociales un peque\u00f1o altar que dispuso en una parte de su casa. Junto a una foto de su nena, sobre un espejo, encendi\u00f3 dos velas blancas adelante de la imagen. Para ambientar el momento, puso la canci\u00f3n Ni\u00f1a bonita, de Dstance.<\/p>\n<div style=\"width: 640px;\" class=\"wp-video\"><video class=\"wp-video-shortcode\" id=\"video-96693-1\" width=\"640\" height=\"1140\" preload=\"metadata\" controls=\"controls\"><source type=\"video\/mp4\" src=\"https:\/\/www.cordobatimes.com\/showup\/wp-content\/uploads\/2023\/03\/esnBKNBW-34105381.mp4?_=1\" \/><a href=\"https:\/\/www.cordobatimes.com\/showup\/wp-content\/uploads\/2023\/03\/esnBKNBW-34105381.mp4\">https:\/\/www.cordobatimes.com\/showup\/wp-content\/uploads\/2023\/03\/esnBKNBW-34105381.mp4<\/a><\/video><\/div>\n","protected":false},"excerpt":{"rendered":"<p>El actor homenaje\u00f3 a su nena como suele hacer todos los d\u00edas 8 de cada mes.\u00a0 En esta oportunidad, el actor chileno decidi\u00f3 homenajearla mostrando en sus redes sociales un peque\u00f1o altar que dispuso en una parte de su casa. Junto a una foto de su nena, sobre un espejo, encendi\u00f3 dos velas blancas adelante [&hellip;]<\/p>\n","protected":false},"author":1,"featured_media":96694,"comment_status":"closed","ping_status":"closed","sticky":false,"template":"","format":"standard","meta":{"_seopress_robots_primary_cat":"","_seopress_titles_title":"","_seopress_titles_desc":"","_seopress_robots_index":"","footnotes":""},"categories":[4],"tags":[26395,28011],"class_list":{"0":"post-96693","1":"post","2":"type-post","3":"status-publish","4":"format-standard","5":"has-post-thumbnail","7":"category-famosos","8":"tag-benjamin-vicuna-blanca-vicuna","9":"tag-blanca-vicuna-hija-de-pampita-y-benjamin-vicuna"},"_links":{"self":[{"href":"https:\/\/www.cordobatimes.com\/showup\/wp-json\/wp\/v2\/posts\/96693","targetHints":{"allow":["GET"]}}],"collection":[{"href":"https:\/\/www.cordobatimes.com\/showup\/wp-json\/wp\/v2\/posts"}],"about":[{"href":"https:\/\/www.cordobatimes.com\/showup\/wp-json\/wp\/v2\/types\/post"}],"author":[{"embeddable":true,"href":"https:\/\/www.cordobatimes.com\/showup\/wp-json\/wp\/v2\/users\/1"}],"replies":[{"embeddable":true,"href":"https:\/\/www.cordobatimes.com\/showup\/wp-json\/wp\/v2\/comments?post=96693"}],"version-history":[{"count":0,"href":"https:\/\/www.cordobatimes.com\/showup\/wp-json\/wp\/v2\/posts\/96693\/revisions"}],"wp:featuredmedia":[{"embeddable":true,"href":"https:\/\/www.cordobatimes.com\/showup\/wp-json\/wp\/v2\/media\/96694"}],"wp:attachment":[{"href":"https:\/\/www.cordobatimes.com\/showup\/wp-json\/wp\/v2\/media?parent=96693"}],"wp:term":[{"taxonomy":"category","embeddable":true,"href":"https:\/\/www.cordobatimes.com\/showup\/wp-json\/wp\/v2\/categories?post=96693"},{"taxonomy":"post_tag","embeddable":true,"href":"https:\/\/www.cordobatimes.com\/showup\/wp-json\/wp\/v2\/tags?post=96693"}],"curies":[{"name":"wp","href":"https:\/\/api.w.org\/{rel}","templated":true}]}}