{"id":96628,"date":"2023-03-04T11:02:41","date_gmt":"2023-03-04T14:02:41","guid":{"rendered":"https:\/\/www.cordobatimes.com\/showup\/?p=96628"},"modified":"2023-03-04T11:02:41","modified_gmt":"2023-03-04T14:02:41","slug":"la-palabra-de-chano-charpentier-tras-recibir-el-alta-medica","status":"publish","type":"post","link":"https:\/\/www.cordobatimes.com\/showup\/famosos\/2023\/03\/04\/la-palabra-de-chano-charpentier-tras-recibir-el-alta-medica\/","title":{"rendered":"La palabra de Chano Charpentier tras recibir el alta m\u00e9dica"},"content":{"rendered":"<h3><strong>El m\u00fasico se encontraba internado en el Sanatorio Otamendi y fue derivado a otra instituci\u00f3n para seguir con su tratamiento.<\/strong><\/h3>\n<p>Tras dos semanas internado en el Sanatorio Otamendi,\u00a0Santiago Chano Moreno Charpentier\u00a0fue dado de alta en la tarde del viernes. El m\u00fasico hab\u00eda ingresado a la entidad de la calle Azcu\u00e9naga el 18 de febrero por un cuadro relacionado a sus adicciones. El pasado viernes, el exl\u00edder de\u00a0Tan Bi\u00f3nica\u00a0hab\u00eda despertado de la sedaci\u00f3n con la que lo asistieron sus m\u00e9dicos y en las \u00faltimas horas fue trasladado a otro establecimiento para continuar con su recuperaci\u00f3n.<\/p>\n<p class=\"paragraph\">Este viernes, los rumores sobre su alta sobrevolaron desde temprano el Otamendi. \u00a0Chano fue trasladado a la\u00a0<b>Comunidad Terap\u00e9utica Gens<\/b>, la misma a la que fue trasladado en 2021, luego del recordado incidente en su casa de Exaltaci\u00f3n de la Cruz en el que fue sufri\u00f3 un brote y fue baleado por un oficial de polic\u00eda. \u201cEst\u00e1 bien en el lugar en el que hace su rehabilitaci\u00f3n. Eso no le impide trabajar, sus m\u00e9dicos deciden\u201d, se\u00f1al\u00f3 Marina Charpentier respecto a los posibles pr\u00f3ximos pasos de su hijo.<\/p>\n<div class=\"visual__image\"><img alt=\"\" loading=\"lazy\" decoding=\"async\" class=\"alignnone size-medium wp-image-96630\" src=\"https:\/\/www.cordobatimes.com\/showup\/wp-content\/uploads\/2023\/03\/Pantallazo-04-03-2023-10.49.56-750x403.jpg\" alt=\"\" width=\"750\" height=\"403\" srcset=\"https:\/\/www.cordobatimes.com\/showup\/wp-content\/uploads\/2023\/03\/Pantallazo-04-03-2023-10.49.56-750x403.jpg 750w, https:\/\/www.cordobatimes.com\/showup\/wp-content\/uploads\/2023\/03\/Pantallazo-04-03-2023-10.49.56-1024x551.jpg 1024w, https:\/\/www.cordobatimes.com\/showup\/wp-content\/uploads\/2023\/03\/Pantallazo-04-03-2023-10.49.56-760x409.jpg 760w, https:\/\/www.cordobatimes.com\/showup\/wp-content\/uploads\/2023\/03\/Pantallazo-04-03-2023-10.49.56-768x413.jpg 768w, https:\/\/www.cordobatimes.com\/showup\/wp-content\/uploads\/2023\/03\/Pantallazo-04-03-2023-10.49.56-696x374.jpg 696w, https:\/\/www.cordobatimes.com\/showup\/wp-content\/uploads\/2023\/03\/Pantallazo-04-03-2023-10.49.56-1068x575.jpg 1068w, https:\/\/www.cordobatimes.com\/showup\/wp-content\/uploads\/2023\/03\/Pantallazo-04-03-2023-10.49.56-781x420.jpg 781w, https:\/\/www.cordobatimes.com\/showup\/wp-content\/uploads\/2023\/03\/Pantallazo-04-03-2023-10.49.56.jpg 1305w\" sizes=\"auto, (max-width: 750px) 100vw, 750px\" \/><\/div>\n<p class=\"paragraph\">Pasadas las 22 horas, fue el propio m\u00fasico el que se manifest\u00f3 en sus redes sociales. \u201cHola amigos y amigas: Espero que est\u00e9n bien y felices. Quiero contarles que ya estoy absolutamente recuperado gracias al sanatorio Otamendi y listo para seguir disfrutando de la vida\u201d, escribi\u00f3 el ex Tan Bi\u00f3nica. Y se refiri\u00f3 a sus pr\u00f3ximos pasos: \u201cLes cuento que por mi parte sigo haciendo al pie de la letra mi tratamiento en UDIGENS y que tengo muchas ganas de verlos el viernes y s\u00e1bado en La Plata. Besos\u201d.<\/p>\n<p class=\"paragraph\">Con estas palabras, Chano confirm\u00f3 que continuar\u00e1 con su agenda de conciertos seg\u00fan lo pautado y se presentar\u00e1 en la capital bonaerense el pr\u00f3ximo fin de semana. Vale recordar que antes de la internaci\u00f3n, el autor de \u201cLa melod\u00eda de Dios\u201d hab\u00eda agotado la funci\u00f3n del 10 de marzo en el Atenas de la capital provincial, lo que lo llev\u00f3 a agregar una segunda fecha.<\/p>\n","protected":false},"excerpt":{"rendered":"<p>El m\u00fasico se encontraba internado en el Sanatorio Otamendi y fue derivado a otra instituci\u00f3n para seguir con su tratamiento. Tras dos semanas internado en el Sanatorio Otamendi,\u00a0Santiago Chano Moreno Charpentier\u00a0fue dado de alta en la tarde del viernes. El m\u00fasico hab\u00eda ingresado a la entidad de la calle Azcu\u00e9naga el 18 de febrero por [&hellip;]<\/p>\n","protected":false},"author":1,"featured_media":96629,"comment_status":"closed","ping_status":"closed","sticky":false,"template":"","format":"standard","meta":{"_seopress_robots_primary_cat":"","_seopress_titles_title":"","_seopress_titles_desc":"","_seopress_robots_index":"","footnotes":""},"categories":[4],"tags":[33073,35164,36398],"class_list":{"0":"post-96628","1":"post","2":"type-post","3":"status-publish","4":"format-standard","5":"has-post-thumbnail","7":"category-famosos","8":"tag-estado-de-salud-de-chano","9":"tag-estado-de-salud-de-chano-moreno-charpentier","10":"tag-mensaje-de-chano"},"_links":{"self":[{"href":"https:\/\/www.cordobatimes.com\/showup\/wp-json\/wp\/v2\/posts\/96628","targetHints":{"allow":["GET"]}}],"collection":[{"href":"https:\/\/www.cordobatimes.com\/showup\/wp-json\/wp\/v2\/posts"}],"about":[{"href":"https:\/\/www.cordobatimes.com\/showup\/wp-json\/wp\/v2\/types\/post"}],"author":[{"embeddable":true,"href":"https:\/\/www.cordobatimes.com\/showup\/wp-json\/wp\/v2\/users\/1"}],"replies":[{"embeddable":true,"href":"https:\/\/www.cordobatimes.com\/showup\/wp-json\/wp\/v2\/comments?post=96628"}],"version-history":[{"count":0,"href":"https:\/\/www.cordobatimes.com\/showup\/wp-json\/wp\/v2\/posts\/96628\/revisions"}],"wp:featuredmedia":[{"embeddable":true,"href":"https:\/\/www.cordobatimes.com\/showup\/wp-json\/wp\/v2\/media\/96629"}],"wp:attachment":[{"href":"https:\/\/www.cordobatimes.com\/showup\/wp-json\/wp\/v2\/media?parent=96628"}],"wp:term":[{"taxonomy":"category","embeddable":true,"href":"https:\/\/www.cordobatimes.com\/showup\/wp-json\/wp\/v2\/categories?post=96628"},{"taxonomy":"post_tag","embeddable":true,"href":"https:\/\/www.cordobatimes.com\/showup\/wp-json\/wp\/v2\/tags?post=96628"}],"curies":[{"name":"wp","href":"https:\/\/api.w.org\/{rel}","templated":true}]}}