{"id":96588,"date":"2023-03-01T13:31:28","date_gmt":"2023-03-01T16:31:28","guid":{"rendered":"https:\/\/www.cordobatimes.com\/showup\/?p=96588"},"modified":"2023-03-01T13:31:28","modified_gmt":"2023-03-01T16:31:28","slug":"justin-bieber-cancela-las-fechas-restantes-de-su-justice-world-tour","status":"publish","type":"post","link":"https:\/\/www.cordobatimes.com\/showup\/musica\/2023\/03\/01\/justin-bieber-cancela-las-fechas-restantes-de-su-justice-world-tour\/","title":{"rendered":"Justin Bieber cancela las fechas restantes de su Justice World Tour"},"content":{"rendered":"<h3 class=\"article__dropline\"><strong>Lo informaron las plataformas de venta de entradas. El artista, que est\u00e1 cumpliendo 29 a\u00f1os, no se manifest\u00f3 sobre el tema hasta el momento.<\/strong><\/h3>\n<p>Justin Bieber\u00a0es una de las m\u00e1ximas figuras del pop, con discos que llegaron a los primeros puestos de las listas y con giras por los principales estadios del mundo. Tambi\u00e9n, en los \u00faltimos a\u00f1os, su nombre estuvo\u00a0ligado a algunas pol\u00e9micas.<\/p>\n<p>El a\u00f1o pasado, por temas de salud, el artista tuvo que cancelar algunas presentaciones de su \u00faltimo tour mundial Justice. En junio del a\u00f1o pasado, el cantante sufri\u00f3 una par\u00e1lisis en la mitad de la cara producto de un virus.<\/p>\n<p>\u201cComo pueden ver, este ojo no est\u00e1 parpadeando.\u00a0No puedo sonre\u00edr de este lado de mi cara. Esta fosa nasal no se mover\u00e1, as\u00ed que tengo una par\u00e1lisis total en este lado de mi cara\u201d, detall\u00f3. Y agreg\u00f3 que por este motivo no pudo estar en condiciones de subirse a un escenario. Semanas despu\u00e9s, Justin anunci\u00f3 que volv\u00eda a los escenarios, pero no dur\u00f3 mucho tiempo. El canadiense cancel\u00f3 su recital en la Argentina.<\/p>\n<h3>\n<strong>La cancelaci\u00f3n de fechas del \u201cJustice Tour\u201d<\/strong><\/h3>\n<p>Hasta el momento Bieber no lo oficializ\u00f3, pero los sitios oficiales de venta de entradas como Ticketmaster actualizaron sus p\u00e1ginas para informar que los espect\u00e1culos fueron cancelados. Tambi\u00e9n se han eliminado todas las fechas de la gira en el sitio web oficial del artista.<\/p>\n<p>Seg\u00fan\u00a0NME, hasta el momento\u00a0se cancelaron los recitales anunciados en\u00a0Arizona, Irlanda, Manchester, Washington, Australia y Polonia, mientras que en Par\u00eds todav\u00eda parece estar en pie. Tambi\u00e9n se le envi\u00f3 un mail a los fan\u00e1ticos que compraron sus entradas para el show en el O2 Arena de Londres informando que el espect\u00e1culo no se realizar\u00eda. Hay que aclarar que estos shows se hab\u00edan pospuestos previamente. Justin hab\u00eda contado en una publicaci\u00f3n de Instagram que al cancelar sus recitales le permitir\u00eda concentrarse en cuestiones personales.<\/p>\n","protected":false},"excerpt":{"rendered":"<p>Lo informaron las plataformas de venta de entradas. El artista, que est\u00e1 cumpliendo 29 a\u00f1os, no se manifest\u00f3 sobre el tema hasta el momento. Justin Bieber\u00a0es una de las m\u00e1ximas figuras del pop, con discos que llegaron a los primeros puestos de las listas y con giras por los principales estadios del mundo. Tambi\u00e9n, en [&hellip;]<\/p>\n","protected":false},"author":1,"featured_media":96589,"comment_status":"closed","ping_status":"closed","sticky":false,"template":"","format":"standard","meta":{"_seopress_robots_primary_cat":"","_seopress_titles_title":"","_seopress_titles_desc":"","_seopress_robots_index":"","footnotes":""},"categories":[5],"tags":[36372,36373],"class_list":{"0":"post-96588","1":"post","2":"type-post","3":"status-publish","4":"format-standard","5":"has-post-thumbnail","7":"category-musica","8":"tag-justice-world-tour","9":"tag-justin-bieber-cancelo-justice-world-tour"},"_links":{"self":[{"href":"https:\/\/www.cordobatimes.com\/showup\/wp-json\/wp\/v2\/posts\/96588","targetHints":{"allow":["GET"]}}],"collection":[{"href":"https:\/\/www.cordobatimes.com\/showup\/wp-json\/wp\/v2\/posts"}],"about":[{"href":"https:\/\/www.cordobatimes.com\/showup\/wp-json\/wp\/v2\/types\/post"}],"author":[{"embeddable":true,"href":"https:\/\/www.cordobatimes.com\/showup\/wp-json\/wp\/v2\/users\/1"}],"replies":[{"embeddable":true,"href":"https:\/\/www.cordobatimes.com\/showup\/wp-json\/wp\/v2\/comments?post=96588"}],"version-history":[{"count":0,"href":"https:\/\/www.cordobatimes.com\/showup\/wp-json\/wp\/v2\/posts\/96588\/revisions"}],"wp:featuredmedia":[{"embeddable":true,"href":"https:\/\/www.cordobatimes.com\/showup\/wp-json\/wp\/v2\/media\/96589"}],"wp:attachment":[{"href":"https:\/\/www.cordobatimes.com\/showup\/wp-json\/wp\/v2\/media?parent=96588"}],"wp:term":[{"taxonomy":"category","embeddable":true,"href":"https:\/\/www.cordobatimes.com\/showup\/wp-json\/wp\/v2\/categories?post=96588"},{"taxonomy":"post_tag","embeddable":true,"href":"https:\/\/www.cordobatimes.com\/showup\/wp-json\/wp\/v2\/tags?post=96588"}],"curies":[{"name":"wp","href":"https:\/\/api.w.org\/{rel}","templated":true}]}}