{"id":96544,"date":"2023-02-24T12:02:24","date_gmt":"2023-02-24T15:02:24","guid":{"rendered":"https:\/\/www.cordobatimes.com\/showup\/?p=96544"},"modified":"2023-02-24T12:02:24","modified_gmt":"2023-02-24T15:02:24","slug":"estreno-el-video-de-una-vez-mas-cancion-que-une-a-lali-con-pedro-capo","status":"publish","type":"post","link":"https:\/\/www.cordobatimes.com\/showup\/musica\/2023\/02\/24\/estreno-el-video-de-una-vez-mas-cancion-que-une-a-lali-con-pedro-capo\/","title":{"rendered":"Estren\u00f3 el video de \u201cUna vez m\u00e1s\u201d, canci\u00f3n que une a Lali con Pedro Cap\u00f3"},"content":{"rendered":"<h3><strong>La cantante argentina fue invitada a colaborar en el \u00faltimo lanzamiento del boricua<\/strong><\/h3>\n<p>La cantante y actriz argentina Lali Esp\u00f3sito estren\u00f3 este jueves (por la noche) el video oficial de Una vez m\u00e1s, la colaboraci\u00f3n que sell\u00f3 junto a Pedro Cap\u00f3 para la \u00faltima producci\u00f3n discogr\u00e1fica del cantautor puertorrique\u00f1o que bautiz\u00f3 como La Neta.<\/p>\n<p>Desde su lanzamiento a comienzos del pasado mes de diciembre, la canci\u00f3n cosecha m\u00e1s de 200 mil visitas en YouTube con un video que hasta ahora s\u00f3lo exhib\u00eda la portada del disco.<\/p>\n<p>La dupla sorprendi\u00f3 de vuelta a sus fan\u00e1ticos con el estreno de un video que rodaron entre Argentina y Estados Unidos bajo la direcci\u00f3n de Andr\u00e9s Ib\u00e1\u00f1ez D\u00edaz Infante y que resalta la conexi\u00f3n entre ambos artistas, quienes en esta breve ficci\u00f3n personifican a una pareja ya disuelta que decide reencontrarse \u201cuna vez m\u00e1s\u201d.<\/p>\n<p>Lali es divina y trabajar con ella ha sido bien bonito. Este tema se ha convertido en uno de mis favoritos del \u00e1lbum y para el v\u00eddeo, quer\u00edamos hacer algo \u00edntimo que conectara con la letra de la canci\u00f3n y que al verlo la gente sintiera la historia tanto como nosotros cuando la grabamos. Espero que la gente se lo disfrute\u201d, se\u00f1al\u00f3 el compositor boricua.<\/p>\n<p>Por su parte, la argentina que el s\u00e1bado 4 de marzo desembarcar\u00e1 con su show en el Estadio de V\u00e9lez declar\u00f3 estar \u201cmuy contenta\u201d con la convocatoria de su colega y agreg\u00f3: \u201cTrabajar con \u00e9l fue un placer enorme. Espero que la gente disfrute mucho de este v\u00eddeo\u201d.<\/p>\n<p>A 12 horas de ser lanzado, el clip estaba pr\u00f3ximo a alcanzar las 60.000 reproducciones en YouTube.<\/p>\n<p><iframe loading=\"lazy\" width=\"560\" height=\"315\" src=\"https:\/\/www.youtube.com\/embed\/E1j7ZIYYdTo\" title=\"YouTube video player\" frameborder=\"0\" allow=\"accelerometer; autoplay; clipboard-write; encrypted-media; gyroscope; picture-in-picture; web-share\" allowfullscreen><\/iframe><\/p>\n","protected":false},"excerpt":{"rendered":"<p>La cantante argentina fue invitada a colaborar en el \u00faltimo lanzamiento del boricua La cantante y actriz argentina Lali Esp\u00f3sito estren\u00f3 este jueves (por la noche) el video oficial de Una vez m\u00e1s, la colaboraci\u00f3n que sell\u00f3 junto a Pedro Cap\u00f3 para la \u00faltima producci\u00f3n discogr\u00e1fica del cantautor puertorrique\u00f1o que bautiz\u00f3 como La Neta. Desde [&hellip;]<\/p>\n","protected":false},"author":1,"featured_media":96545,"comment_status":"closed","ping_status":"closed","sticky":false,"template":"","format":"standard","meta":{"_seopress_robots_primary_cat":"","_seopress_titles_title":"","_seopress_titles_desc":"","_seopress_robots_index":"","footnotes":""},"categories":[5],"tags":[36336,36337,36338],"class_list":{"0":"post-96544","1":"post","2":"type-post","3":"status-publish","4":"format-standard","5":"has-post-thumbnail","7":"category-musica","8":"tag-lali-y-pedro-capo","9":"tag-lali-y-pedro-capo-una-vez-mas","10":"tag-una-vez-mas"},"_links":{"self":[{"href":"https:\/\/www.cordobatimes.com\/showup\/wp-json\/wp\/v2\/posts\/96544","targetHints":{"allow":["GET"]}}],"collection":[{"href":"https:\/\/www.cordobatimes.com\/showup\/wp-json\/wp\/v2\/posts"}],"about":[{"href":"https:\/\/www.cordobatimes.com\/showup\/wp-json\/wp\/v2\/types\/post"}],"author":[{"embeddable":true,"href":"https:\/\/www.cordobatimes.com\/showup\/wp-json\/wp\/v2\/users\/1"}],"replies":[{"embeddable":true,"href":"https:\/\/www.cordobatimes.com\/showup\/wp-json\/wp\/v2\/comments?post=96544"}],"version-history":[{"count":0,"href":"https:\/\/www.cordobatimes.com\/showup\/wp-json\/wp\/v2\/posts\/96544\/revisions"}],"wp:featuredmedia":[{"embeddable":true,"href":"https:\/\/www.cordobatimes.com\/showup\/wp-json\/wp\/v2\/media\/96545"}],"wp:attachment":[{"href":"https:\/\/www.cordobatimes.com\/showup\/wp-json\/wp\/v2\/media?parent=96544"}],"wp:term":[{"taxonomy":"category","embeddable":true,"href":"https:\/\/www.cordobatimes.com\/showup\/wp-json\/wp\/v2\/categories?post=96544"},{"taxonomy":"post_tag","embeddable":true,"href":"https:\/\/www.cordobatimes.com\/showup\/wp-json\/wp\/v2\/tags?post=96544"}],"curies":[{"name":"wp","href":"https:\/\/api.w.org\/{rel}","templated":true}]}}