{"id":96517,"date":"2023-02-22T13:23:58","date_gmt":"2023-02-22T16:23:58","guid":{"rendered":"https:\/\/www.cordobatimes.com\/showup\/?p=96517"},"modified":"2023-02-22T13:23:58","modified_gmt":"2023-02-22T16:23:58","slug":"marina-charpentier-la-madre-de-chano-hablo-sobre-la-salud-del-cantante","status":"publish","type":"post","link":"https:\/\/www.cordobatimes.com\/showup\/famosos\/2023\/02\/22\/marina-charpentier-la-madre-de-chano-hablo-sobre-la-salud-del-cantante\/","title":{"rendered":"Marina Charpentier la madre de Chano habl\u00f3 sobre la salud del cantante"},"content":{"rendered":"<h3><strong>Mientras el m\u00fasico contin\u00faa internado en el sanatorio Otamendi, Marina Charpentier tuvo una emotiva charla con Jorge Lanata.<\/strong><\/h3>\n<p>Chano Charpentier\u00a0lleg\u00f3 en la madrugada del viernes al sanatorio Otamendi y desde ese momento, muchas fueron las especulaciones respecto de lo que suced\u00eda con su salud, m\u00e1xime teniendo en cuenta los hechos ocurridos el \u00faltimo a\u00f1o con respecto a sus adicciones y reca\u00eddas.<\/p>\n<p>Sin embargo, este mi\u00e9rcoles, en el sexto d\u00eda de internaci\u00f3n,\u00a0Marina Charpentier\u00a0se tom\u00f3 unos minutos para charlar con\u00a0Jorge Lanata\u00a0en\u00a0Radio Mitre\u00a0y confirm\u00f3 en detalle lo ocurrido. \u201c\u00c9l vive solo, yo estaba en Uruguay de vacaciones. Tiene una terapia que consta de grupos, de terapia individual, de un psiquiatra cada 15 d\u00edas y le hacen un screening toxicol\u00f3gico que incluye todas las sustancias. Siempre dio negativo, incluso el \u00faltimo\u201d, comenz\u00f3 su relato. \u201cQue una persona como \u00e9l no est\u00e9 consumiendo no quiere decir que est\u00e9 igual de sensible, \u00e9l ha contado su enfermedad y para personas como \u00e9l, extremadamente sensibles, la vida es muy dif\u00edcil\u201d, aclar\u00f3 la madre del m\u00fasico.<\/p>\n<p>Sobre los \u00faltimos momentos del cantante aclar\u00f3 que \u201c\u00e9l estaba el d\u00eda que lo internaron, el d\u00eda anterior y dos d\u00edas antes, ensayando con m\u00fasicos, haciendo lo que le gusta\u201d. Sin embargo, \u201cluego por circunstancias de la vida que pertenecen a su intimidad empez\u00f3 a estar triste, empez\u00f3 a hablar conmigo, incluso con vos (al referirse al propio Lanata), \u00e9l estaba con una chica que est\u00e1 frecuentando y se sinti\u00f3 mal y ella llam\u00f3 a la guardia, lo fueron a buscar a Capilla del Se\u00f1or. Vino a una ambulancia y lleg\u00f3 a terapia intensiva\u201d.<\/p>\n<p>Seg\u00fan explic\u00f3, Chano toma medicaci\u00f3n para mantenerse bien y tranquilo. \u201cCreemos que puede haber cometido errores en la ingesta de la medicaci\u00f3n. Tiene un solo ri\u00f1\u00f3n, no tiene bazo y solo un pedazo de p\u00e1ncreas. Mi hijo no se despert\u00f3 todav\u00eda. No puedo decir mucho m\u00e1s porque es algo que no sabemos. \u00c9l est\u00e1 con un tubo porque tiene un infecci\u00f3n y est\u00e1 bajo antibi\u00f3ticos, tuvo fiebre, una complicaci\u00f3n en el pulm\u00f3n, ya que sabemos que a\u00fan fuma muchos cigarrillos, y cuando una persona se descompensa hay que equilibrar todos sus \u00f3rganos\u201d, aclar\u00f3.<\/p>\n<p>Tambi\u00e9n sum\u00f3 que \u201cestaba con una neumon\u00eda, que en el caso de \u00e9l entraron y lo entubaron, y lamentablemente en un momento se despert\u00f3 y se arranc\u00f3 el tubo, pero con eso se lastim\u00f3 la garganta, y lo tuvieron que sedar y no se lo pueden sacar hasta que no se desinflame su garganta\u201d.<\/p>\n<p>Respecto de los motivos sobre el silencio en los pormenores de su salud, explic\u00f3 que \u201cno damos parte primero porque est\u00e1bamos en un fin de semana largo, y adem\u00e1s no sab\u00edamos qu\u00e9 decir, yo no s\u00e9 de medicina, y lo que s\u00ed s\u00e9 es que mi hijo es un adulto de 41 a\u00f1os y tiene derecho a preservar su intimidad. Sabemos que cuando est\u00e9 bien va a contar todo lo que pas\u00f3, que lo cuente \u00e9l. Lo que dicen que tom\u00f3 opioides, esto o lo otro, los toxicol\u00f3gicos dieron que no tom\u00f3 nada. Estoy hablando porque me duele tanto ver los videos que me mandan de lo que dicen en la tele y la gente inventa diciendo que es de buena fuente y es mentira, en el Otamendi los m\u00e9dicos no dicen nada, todo eso que dicen es especulaci\u00f3n. Pero s\u00e9 que la gente que lo ama quiere saber qu\u00e9 pasa\u201d, cerr\u00f3 emocionada.<\/p>\n","protected":false},"excerpt":{"rendered":"<p>Mientras el m\u00fasico contin\u00faa internado en el sanatorio Otamendi, Marina Charpentier tuvo una emotiva charla con Jorge Lanata. Chano Charpentier\u00a0lleg\u00f3 en la madrugada del viernes al sanatorio Otamendi y desde ese momento, muchas fueron las especulaciones respecto de lo que suced\u00eda con su salud, m\u00e1xime teniendo en cuenta los hechos ocurridos el \u00faltimo a\u00f1o con [&hellip;]<\/p>\n","protected":false},"author":1,"featured_media":96518,"comment_status":"closed","ping_status":"closed","sticky":false,"template":"","format":"standard","meta":{"_seopress_robots_primary_cat":"","_seopress_titles_title":"","_seopress_titles_desc":"","_seopress_robots_index":"","footnotes":""},"categories":[4],"tags":[33073,33089,36317,36318],"class_list":{"0":"post-96517","1":"post","2":"type-post","3":"status-publish","4":"format-standard","5":"has-post-thumbnail","7":"category-famosos","8":"tag-estado-de-salud-de-chano","9":"tag-mama-de-chano","10":"tag-marina-charpentier-con-lanata","11":"tag-marina-charpentier-la-madre-de-chano"},"_links":{"self":[{"href":"https:\/\/www.cordobatimes.com\/showup\/wp-json\/wp\/v2\/posts\/96517","targetHints":{"allow":["GET"]}}],"collection":[{"href":"https:\/\/www.cordobatimes.com\/showup\/wp-json\/wp\/v2\/posts"}],"about":[{"href":"https:\/\/www.cordobatimes.com\/showup\/wp-json\/wp\/v2\/types\/post"}],"author":[{"embeddable":true,"href":"https:\/\/www.cordobatimes.com\/showup\/wp-json\/wp\/v2\/users\/1"}],"replies":[{"embeddable":true,"href":"https:\/\/www.cordobatimes.com\/showup\/wp-json\/wp\/v2\/comments?post=96517"}],"version-history":[{"count":0,"href":"https:\/\/www.cordobatimes.com\/showup\/wp-json\/wp\/v2\/posts\/96517\/revisions"}],"wp:featuredmedia":[{"embeddable":true,"href":"https:\/\/www.cordobatimes.com\/showup\/wp-json\/wp\/v2\/media\/96518"}],"wp:attachment":[{"href":"https:\/\/www.cordobatimes.com\/showup\/wp-json\/wp\/v2\/media?parent=96517"}],"wp:term":[{"taxonomy":"category","embeddable":true,"href":"https:\/\/www.cordobatimes.com\/showup\/wp-json\/wp\/v2\/categories?post=96517"},{"taxonomy":"post_tag","embeddable":true,"href":"https:\/\/www.cordobatimes.com\/showup\/wp-json\/wp\/v2\/tags?post=96517"}],"curies":[{"name":"wp","href":"https:\/\/api.w.org\/{rel}","templated":true}]}}