{"id":96468,"date":"2023-02-15T09:55:58","date_gmt":"2023-02-15T12:55:58","guid":{"rendered":"https:\/\/www.cordobatimes.com\/showup\/?p=96468"},"modified":"2023-02-15T09:55:58","modified_gmt":"2023-02-15T12:55:58","slug":"tini-lanzo-cupido-una-cancion-sobre-el-desamor-en-pleno-dia-de-los-enamorados","status":"publish","type":"post","link":"https:\/\/www.cordobatimes.com\/showup\/musica\/2023\/02\/15\/tini-lanzo-cupido-una-cancion-sobre-el-desamor-en-pleno-dia-de-los-enamorados\/","title":{"rendered":"Tini  lanz\u00f3 \u201cCupido\u201d, una canci\u00f3n sobre el desamor en pleno D\u00eda de los Enamorados"},"content":{"rendered":"<h3><strong>La cantante dej\u00f3 a un lado a las t\u00edpicas letras rom\u00e1nticas por el 14 de febrero y habl\u00f3 de la peor parte de una relaci\u00f3n.<\/strong><\/h3>\n<p>Tini Stoessel\u00a0acaba de estrenar la canci\u00f3n \u201cCupido\u201d, que se presenta como un nuevo adelanto de lo que ser\u00e1 su nuevo \u00e1lbum hom\u00f3nimo. En pleno d\u00eda de San Valent\u00edn, la cantante de pop se despach\u00f3 con un track que habla del desamor aunque con una pegadiza melod\u00eda y un ritmo optimista.<\/p>\n<p>La int\u00e9rprete de \u201cMu\u00f1ecas\u201d lanz\u00f3 lo que ser\u00e1 el \u00faltimo adelanto del disco que\u00a0se podr\u00e1 escuchar a partir de este 17 de febrero\u00a0y que contendr\u00e1 colaboraciones con algunos de los artistas m\u00e1s importantes de la escena actual.<\/p>\n<p><iframe loading=\"lazy\" width=\"560\" height=\"315\" src=\"https:\/\/www.youtube.com\/embed\/4k1fm6YNsg8\" title=\"YouTube video player\" frameborder=\"0\" allow=\"accelerometer; autoplay; clipboard-write; encrypted-media; gyroscope; picture-in-picture; web-share\" allowfullscreen><\/iframe><\/p>\n","protected":false},"excerpt":{"rendered":"<p>La cantante dej\u00f3 a un lado a las t\u00edpicas letras rom\u00e1nticas por el 14 de febrero y habl\u00f3 de la peor parte de una relaci\u00f3n. Tini Stoessel\u00a0acaba de estrenar la canci\u00f3n \u201cCupido\u201d, que se presenta como un nuevo adelanto de lo que ser\u00e1 su nuevo \u00e1lbum hom\u00f3nimo. En pleno d\u00eda de San Valent\u00edn, la cantante [&hellip;]<\/p>\n","protected":false},"author":1,"featured_media":96469,"comment_status":"closed","ping_status":"closed","sticky":false,"template":"","format":"standard","meta":{"_seopress_robots_primary_cat":"","_seopress_titles_title":"","_seopress_titles_desc":"","_seopress_robots_index":"","footnotes":""},"categories":[5],"tags":[36288,36289],"class_list":{"0":"post-96468","1":"post","2":"type-post","3":"status-publish","4":"format-standard","5":"has-post-thumbnail","7":"category-musica","8":"tag-tini-cupido","9":"tag-tini-stoessel-cupido"},"_links":{"self":[{"href":"https:\/\/www.cordobatimes.com\/showup\/wp-json\/wp\/v2\/posts\/96468","targetHints":{"allow":["GET"]}}],"collection":[{"href":"https:\/\/www.cordobatimes.com\/showup\/wp-json\/wp\/v2\/posts"}],"about":[{"href":"https:\/\/www.cordobatimes.com\/showup\/wp-json\/wp\/v2\/types\/post"}],"author":[{"embeddable":true,"href":"https:\/\/www.cordobatimes.com\/showup\/wp-json\/wp\/v2\/users\/1"}],"replies":[{"embeddable":true,"href":"https:\/\/www.cordobatimes.com\/showup\/wp-json\/wp\/v2\/comments?post=96468"}],"version-history":[{"count":0,"href":"https:\/\/www.cordobatimes.com\/showup\/wp-json\/wp\/v2\/posts\/96468\/revisions"}],"wp:featuredmedia":[{"embeddable":true,"href":"https:\/\/www.cordobatimes.com\/showup\/wp-json\/wp\/v2\/media\/96469"}],"wp:attachment":[{"href":"https:\/\/www.cordobatimes.com\/showup\/wp-json\/wp\/v2\/media?parent=96468"}],"wp:term":[{"taxonomy":"category","embeddable":true,"href":"https:\/\/www.cordobatimes.com\/showup\/wp-json\/wp\/v2\/categories?post=96468"},{"taxonomy":"post_tag","embeddable":true,"href":"https:\/\/www.cordobatimes.com\/showup\/wp-json\/wp\/v2\/tags?post=96468"}],"curies":[{"name":"wp","href":"https:\/\/api.w.org\/{rel}","templated":true}]}}