{"id":96065,"date":"2022-10-28T20:06:01","date_gmt":"2022-10-28T23:06:01","guid":{"rendered":"https:\/\/www.cordobatimes.com\/showup\/?p=96065"},"modified":"2022-10-28T20:06:01","modified_gmt":"2022-10-28T23:06:01","slug":"se-estreno-ya-no-quiero-verte-el-video-de-la-china-suarez-y-el-polaco","status":"publish","type":"post","link":"https:\/\/www.cordobatimes.com\/showup\/musica\/2022\/10\/28\/se-estreno-ya-no-quiero-verte-el-video-de-la-china-suarez-y-el-polaco\/","title":{"rendered":"Se estren\u00f3 Ya no quiero verte, el video de la China Su\u00e1rez y el Polaco"},"content":{"rendered":"<h3><strong>La actriz hizo una colaboraci\u00f3n en el nuevo tema del cantante de cumbia.<\/strong><\/h3>\n<p>La incursi\u00f3n de la\u00a0China Su\u00e1rez\u00a0en la m\u00fasica ya no es novedad, desde que lanz\u00f3\u00a0\u201cLo que dicen de m\u00ed\u201d,\u00a0la actriz abri\u00f3 la puerta a una nueva forma de manifestar su arte. Primero interpret\u00f3 el tema junto el artista cordob\u00e9s\u00a0Santiago Celli, lanzando as\u00ed su carrera como solista -y haciendo menci\u00f3n al conflicto que tuvo el a\u00f1o pasado con\u00a0Wanda Nara\u00a0y\u00a0Mauro Icardi-. Luego se\u00a0la pudo ver en un videoclip junto a su novio\u00a0Rusherking, representando el tema que el trapero le dedic\u00f3 y que grab\u00f3 en colaboraci\u00f3n con el l\u00edder de\u00a0Dread Mar I, Mariano Castro: \u201cPerfecta\u201d.<\/p>\n<p>Ahora volvi\u00f3 a protagonizar un video, pero esta vez de la mano de\u00a0El Polaco\u00a0y prest\u00f3 su voz. Se trata del nuevo single del cantante, llamado\u00a0\u201cYa no quiero verte\u201d. La canci\u00f3n, que ya se encuentra disponible en todas las plataformas digitales, fue grabada en julio, en los estudios Leslie Records, con arreglos de sonido tropical caracter\u00edstico del Polaco en sus inicios, sumado a unos tintes orientales, haciendo referencia a su compa\u00f1era.<\/p>\n<p><iframe loading=\"lazy\" title=\"YouTube video player\" src=\"https:\/\/www.youtube.com\/embed\/Fe57a6qpoi0\" width=\"560\" height=\"315\" frameborder=\"0\" allowfullscreen=\"allowfullscreen\"><\/iframe><\/p>\n","protected":false},"excerpt":{"rendered":"<p>La actriz hizo una colaboraci\u00f3n en el nuevo tema del cantante de cumbia. La incursi\u00f3n de la\u00a0China Su\u00e1rez\u00a0en la m\u00fasica ya no es novedad, desde que lanz\u00f3\u00a0\u201cLo que dicen de m\u00ed\u201d,\u00a0la actriz abri\u00f3 la puerta a una nueva forma de manifestar su arte. Primero interpret\u00f3 el tema junto el artista cordob\u00e9s\u00a0Santiago Celli, lanzando as\u00ed su [&hellip;]<\/p>\n","protected":false},"author":1,"featured_media":96066,"comment_status":"closed","ping_status":"closed","sticky":false,"template":"","format":"standard","meta":{"_seopress_robots_primary_cat":"","_seopress_titles_title":"","_seopress_titles_desc":"","_seopress_robots_index":"","footnotes":""},"categories":[5],"tags":[36088,36087],"class_list":{"0":"post-96065","1":"post","2":"type-post","3":"status-publish","4":"format-standard","5":"has-post-thumbnail","7":"category-musica","8":"tag-la-china-suarez-y-el-polaco","9":"tag-ya-no-quiero-verte-el-video-de-la-china-suarez-y-el-polaco"},"_links":{"self":[{"href":"https:\/\/www.cordobatimes.com\/showup\/wp-json\/wp\/v2\/posts\/96065","targetHints":{"allow":["GET"]}}],"collection":[{"href":"https:\/\/www.cordobatimes.com\/showup\/wp-json\/wp\/v2\/posts"}],"about":[{"href":"https:\/\/www.cordobatimes.com\/showup\/wp-json\/wp\/v2\/types\/post"}],"author":[{"embeddable":true,"href":"https:\/\/www.cordobatimes.com\/showup\/wp-json\/wp\/v2\/users\/1"}],"replies":[{"embeddable":true,"href":"https:\/\/www.cordobatimes.com\/showup\/wp-json\/wp\/v2\/comments?post=96065"}],"version-history":[{"count":0,"href":"https:\/\/www.cordobatimes.com\/showup\/wp-json\/wp\/v2\/posts\/96065\/revisions"}],"wp:featuredmedia":[{"embeddable":true,"href":"https:\/\/www.cordobatimes.com\/showup\/wp-json\/wp\/v2\/media\/96066"}],"wp:attachment":[{"href":"https:\/\/www.cordobatimes.com\/showup\/wp-json\/wp\/v2\/media?parent=96065"}],"wp:term":[{"taxonomy":"category","embeddable":true,"href":"https:\/\/www.cordobatimes.com\/showup\/wp-json\/wp\/v2\/categories?post=96065"},{"taxonomy":"post_tag","embeddable":true,"href":"https:\/\/www.cordobatimes.com\/showup\/wp-json\/wp\/v2\/tags?post=96065"}],"curies":[{"name":"wp","href":"https:\/\/api.w.org\/{rel}","templated":true}]}}