{"id":96062,"date":"2022-10-28T19:32:14","date_gmt":"2022-10-28T22:32:14","guid":{"rendered":"https:\/\/www.cordobatimes.com\/showup\/?p=96062"},"modified":"2022-10-28T19:32:14","modified_gmt":"2022-10-28T22:32:14","slug":"rihanna-volvio-a-la-musica-con-su-tema-lift-me-up","status":"publish","type":"post","link":"https:\/\/www.cordobatimes.com\/showup\/musica\/2022\/10\/28\/rihanna-volvio-a-la-musica-con-su-tema-lift-me-up\/","title":{"rendered":"Rihanna volvi\u00f3 a la m\u00fasica con su tema \u201cLift me up\u201d"},"content":{"rendered":"<h3><strong>La cantante sac\u00f3 un tema tras seis a\u00f1os de inactividad en el rubro, que forma parte de la banda sonora de la pel\u00edcula \u201cBlack Panther: Wakanda Forever\u201d<\/strong><\/h3>\n<p>Tras a\u00f1os de especulaciones sobre si\u00a0Rihanna\u00a0volver\u00eda a la m\u00fasica, la cantante sorprendi\u00f3 a sus fans este viernes con el lanzamiento de su tema\u00a0\u201cLift me up\u201d. La canci\u00f3n, la primera en seis a\u00f1os, es una emotiva balada que rinde homenaje al\u00a0fallecido actor\u00a0Chadwick Boseman\u00a0y forma parte de la banda sonora de la pel\u00edcula de\u00a0Marvel \u201cBlack Panther: Wakanda Forever\u201d. En esta saga estrenada en 2018, Boseman le dio vida al rey T\u2019Challa y fue uno de sus \u00faltimos trabajos antes de morir en 2020 a los 43 a\u00f1os por un c\u00e1ncer de colon.<\/p>\n<p>\u201cBendecida por haber escrito esta canci\u00f3n en honor a Chadwick Boseman y a\u00fan m\u00e1s bendecida por escuchar a la m\u00e1s mala @badgalriri ponerle la voz a la perfecci\u00f3n\u201d, escribi\u00f3\u00a0Temilade Openiyi\u00a0-una artista nigeriana conocida como\u00a0Teams-, quien escribi\u00f3 el tema con Rihanna, el compositor\u00a0Ludwig G\u00f6ransson, y el director de la pel\u00edcula,\u00a0Ryan Coogler.<\/p>\n<p><iframe loading=\"lazy\" title=\"YouTube video player\" src=\"https:\/\/www.youtube.com\/embed\/Mx_OexsUI2M\" width=\"560\" height=\"315\" frameborder=\"0\" allowfullscreen=\"allowfullscreen\"><\/iframe><\/p>\n","protected":false},"excerpt":{"rendered":"<p>La cantante sac\u00f3 un tema tras seis a\u00f1os de inactividad en el rubro, que forma parte de la banda sonora de la pel\u00edcula \u201cBlack Panther: Wakanda Forever\u201d Tras a\u00f1os de especulaciones sobre si\u00a0Rihanna\u00a0volver\u00eda a la m\u00fasica, la cantante sorprendi\u00f3 a sus fans este viernes con el lanzamiento de su tema\u00a0\u201cLift me up\u201d. La canci\u00f3n, la [&hellip;]<\/p>\n","protected":false},"author":1,"featured_media":96063,"comment_status":"closed","ping_status":"closed","sticky":false,"template":"","format":"standard","meta":{"_seopress_robots_primary_cat":"","_seopress_titles_title":"","_seopress_titles_desc":"","_seopress_robots_index":"","footnotes":""},"categories":[5],"tags":[36086],"class_list":{"0":"post-96062","1":"post","2":"type-post","3":"status-publish","4":"format-standard","5":"has-post-thumbnail","7":"category-musica","8":"tag-rihanna-lift-me-up"},"_links":{"self":[{"href":"https:\/\/www.cordobatimes.com\/showup\/wp-json\/wp\/v2\/posts\/96062","targetHints":{"allow":["GET"]}}],"collection":[{"href":"https:\/\/www.cordobatimes.com\/showup\/wp-json\/wp\/v2\/posts"}],"about":[{"href":"https:\/\/www.cordobatimes.com\/showup\/wp-json\/wp\/v2\/types\/post"}],"author":[{"embeddable":true,"href":"https:\/\/www.cordobatimes.com\/showup\/wp-json\/wp\/v2\/users\/1"}],"replies":[{"embeddable":true,"href":"https:\/\/www.cordobatimes.com\/showup\/wp-json\/wp\/v2\/comments?post=96062"}],"version-history":[{"count":0,"href":"https:\/\/www.cordobatimes.com\/showup\/wp-json\/wp\/v2\/posts\/96062\/revisions"}],"wp:featuredmedia":[{"embeddable":true,"href":"https:\/\/www.cordobatimes.com\/showup\/wp-json\/wp\/v2\/media\/96063"}],"wp:attachment":[{"href":"https:\/\/www.cordobatimes.com\/showup\/wp-json\/wp\/v2\/media?parent=96062"}],"wp:term":[{"taxonomy":"category","embeddable":true,"href":"https:\/\/www.cordobatimes.com\/showup\/wp-json\/wp\/v2\/categories?post=96062"},{"taxonomy":"post_tag","embeddable":true,"href":"https:\/\/www.cordobatimes.com\/showup\/wp-json\/wp\/v2\/tags?post=96062"}],"curies":[{"name":"wp","href":"https:\/\/api.w.org\/{rel}","templated":true}]}}