{"id":96059,"date":"2022-10-28T18:55:05","date_gmt":"2022-10-28T21:55:05","guid":{"rendered":"https:\/\/www.cordobatimes.com\/showup\/?p=96059"},"modified":"2022-10-28T18:55:05","modified_gmt":"2022-10-28T21:55:05","slug":"gran-hermano-2022-video-del-pasado-de-marcos-ginocchio","status":"publish","type":"post","link":"https:\/\/www.cordobatimes.com\/showup\/famosos\/2022\/10\/28\/gran-hermano-2022-video-del-pasado-de-marcos-ginocchio\/","title":{"rendered":"Gran Hermano 2022: video del pasado de Marcos Ginocchio"},"content":{"rendered":"<h3><strong>Se filtr\u00f3 una grabaci\u00f3n in\u00e9dita del participante salte\u00f1o del popular reality de Telefe<\/strong><\/h3>\n<p>En el reality\u00a0Gran Hermano 2022,\u00a0conducido por\u00a0Santiago del Moro\u00a0por Telefe, ya ocurrieron alianzas estrat\u00e9gicas, fuertes peleas, comentarios repudiables y hasta inesperados protagonistas. En medio de este contexto, uno de los participantes,\u00a0Marcos Ginocchio\u00a0cobr\u00f3 notoriedad luego de haber superado la primera placa de eliminaci\u00f3n.<\/p>\n<p>El joven de 22 a\u00f1os, oriundo de la provincia de Salta, est\u00e1 cursando el \u00faltimo a\u00f1o de la carrera de abogac\u00eda, vive con sus padres y sus hermanos estudian en el exterior. \u201cCreo mucho en Dios, en la Virgen de Salta y voy todos los domingos a misa\u201d, revel\u00f3 al presentar su perfil en\u00a0GH.<\/p>\n<p>Adem\u00e1s cont\u00f3 que practica artes marciales y entrena cuatro veces por semana. \u201cNo me interesa lo que los dem\u00e1s piensan de m\u00ed, yo vivo para m\u00ed y no para los dem\u00e1s\u201d, coment\u00f3. Ahora, trascendi\u00f3 en las redes un video in\u00e9dito del participante en el que aparece durante un enfrentamiento de kickboxing, uno de sus deportes favoritos.<\/p>\n<p><iframe loading=\"lazy\" src=\"\/\/content.jwplatform.com\/players\/pU40hVKf-Yjn8KLv1.html\" width=\"640\" height=\"360\" frameborder=\"0\" scrolling=\"auto\"><\/iframe><\/p>\n","protected":false},"excerpt":{"rendered":"<p>Se filtr\u00f3 una grabaci\u00f3n in\u00e9dita del participante salte\u00f1o del popular reality de Telefe En el reality\u00a0Gran Hermano 2022,\u00a0conducido por\u00a0Santiago del Moro\u00a0por Telefe, ya ocurrieron alianzas estrat\u00e9gicas, fuertes peleas, comentarios repudiables y hasta inesperados protagonistas. En medio de este contexto, uno de los participantes,\u00a0Marcos Ginocchio\u00a0cobr\u00f3 notoriedad luego de haber superado la primera placa de eliminaci\u00f3n. El [&hellip;]<\/p>\n","protected":false},"author":1,"featured_media":96060,"comment_status":"closed","ping_status":"closed","sticky":false,"template":"","format":"standard","meta":{"_seopress_robots_primary_cat":"","_seopress_titles_title":"","_seopress_titles_desc":"","_seopress_robots_index":"","footnotes":""},"categories":[4],"tags":[36085,36084,36083],"class_list":{"0":"post-96059","1":"post","2":"type-post","3":"status-publish","4":"format-standard","5":"has-post-thumbnail","7":"category-famosos","8":"tag-gran-hermano-2022-marcos-ginocchio","9":"tag-video-de-marcos-ginocchio","10":"tag-video-del-pasado-de-marcos-ginocchio"},"_links":{"self":[{"href":"https:\/\/www.cordobatimes.com\/showup\/wp-json\/wp\/v2\/posts\/96059","targetHints":{"allow":["GET"]}}],"collection":[{"href":"https:\/\/www.cordobatimes.com\/showup\/wp-json\/wp\/v2\/posts"}],"about":[{"href":"https:\/\/www.cordobatimes.com\/showup\/wp-json\/wp\/v2\/types\/post"}],"author":[{"embeddable":true,"href":"https:\/\/www.cordobatimes.com\/showup\/wp-json\/wp\/v2\/users\/1"}],"replies":[{"embeddable":true,"href":"https:\/\/www.cordobatimes.com\/showup\/wp-json\/wp\/v2\/comments?post=96059"}],"version-history":[{"count":0,"href":"https:\/\/www.cordobatimes.com\/showup\/wp-json\/wp\/v2\/posts\/96059\/revisions"}],"wp:featuredmedia":[{"embeddable":true,"href":"https:\/\/www.cordobatimes.com\/showup\/wp-json\/wp\/v2\/media\/96060"}],"wp:attachment":[{"href":"https:\/\/www.cordobatimes.com\/showup\/wp-json\/wp\/v2\/media?parent=96059"}],"wp:term":[{"taxonomy":"category","embeddable":true,"href":"https:\/\/www.cordobatimes.com\/showup\/wp-json\/wp\/v2\/categories?post=96059"},{"taxonomy":"post_tag","embeddable":true,"href":"https:\/\/www.cordobatimes.com\/showup\/wp-json\/wp\/v2\/tags?post=96059"}],"curies":[{"name":"wp","href":"https:\/\/api.w.org\/{rel}","templated":true}]}}