{"id":95769,"date":"2022-10-12T11:39:07","date_gmt":"2022-10-12T14:39:07","guid":{"rendered":"https:\/\/www.cordobatimes.com\/showup\/?p=95769"},"modified":"2022-10-13T11:27:13","modified_gmt":"2022-10-13T14:27:13","slug":"se-filtro-face-it-alone-la-cancion-inedita-con-la-voz-de-freddie-mercury-que-queen-presentara-el-proximo-jueves","status":"publish","type":"post","link":"https:\/\/www.cordobatimes.com\/showup\/musica\/2022\/10\/12\/se-filtro-face-it-alone-la-cancion-inedita-con-la-voz-de-freddie-mercury-que-queen-presentara-el-proximo-jueves\/","title":{"rendered":"Se filtr\u00f3 Face It Alone, la canci\u00f3n in\u00e9dita con la voz de Freddie Mercury que Queen presentar\u00e1 el pr\u00f3ximo jueves"},"content":{"rendered":"<h3><strong> El tema pertenece a las sesiones del \u00e1lbum The Miracle lanzado en 1989 dos a\u00f1os antes de la muerte del cantante.<\/strong><\/h3>\n<p>Los fan\u00e1ticos de Queen en todo el planeta cuentan ya las horas para la llegada de\u00a0Face It Alone, la canci\u00f3n que permaneci\u00f3 in\u00e9dita durante m\u00e1s de tres d\u00e9cadas, grabada por Freddie Mercury y su banda, que en estos d\u00edas se est\u00e1 anunciando por todos los rincones del mundo, con una fecha que ya est\u00e1 marcada a fuego, la del pr\u00f3ximo jueves, 13 de octubre.<\/p>\n<p>\u201c\u00a1Fan\u00e1ticos de Queen! \u00bfVieron las noticias? Tengan los ojos bien abiertos y compartan sus fotos de d\u00f3nde vieron los afiches usando #FaceItAlone\u201d, tuite\u00f3 la famosa banda el pasado viernes. Aunque ya no est\u00e1 disponible, durante un tiempo se filtraron unos segundos de este tema, en los que se pod\u00eda escuchar a Mercury cantar: \u201cIn the end, in the end, you have to face it alone\u201d, que vendr\u00eda a ser:\u00a0\u201cAl final, tienes que afrontarlo solo\u201d. Sin embargo, una radio francesa lo emiti\u00f3 en forma completa durante la tarde de este martes.<\/p>\n<p><iframe loading=\"lazy\" src=\"\/\/content.jwplatform.com\/players\/JaG0RyvP-a9NdgpIU.html\" width=\"640\" height=\"360\" frameborder=\"0\" scrolling=\"auto\"><\/iframe><\/p>\n","protected":false},"excerpt":{"rendered":"<p>El tema pertenece a las sesiones del \u00e1lbum The Miracle lanzado en 1989 dos a\u00f1os antes de la muerte del cantante. Los fan\u00e1ticos de Queen en todo el planeta cuentan ya las horas para la llegada de\u00a0Face It Alone, la canci\u00f3n que permaneci\u00f3 in\u00e9dita durante m\u00e1s de tres d\u00e9cadas, grabada por Freddie Mercury y su [&hellip;]<\/p>\n","protected":false},"author":1,"featured_media":95770,"comment_status":"closed","ping_status":"closed","sticky":false,"template":"","format":"standard","meta":{"_seopress_robots_primary_cat":"","_seopress_titles_title":"","_seopress_titles_desc":"","_seopress_robots_index":"","footnotes":""},"categories":[5],"tags":[35282,35919,35921,35920],"class_list":{"0":"post-95769","1":"post","2":"type-post","3":"status-publish","4":"format-standard","5":"has-post-thumbnail","7":"category-musica","8":"tag-cancion-inedita-con-la-voz-de-freddie-mercury","9":"tag-face-it-alone","10":"tag-face-it-alone-album-the-miracle","11":"tag-face-it-alone-cancion-inedita-con-la-voz-de-freddie-mercury"},"_links":{"self":[{"href":"https:\/\/www.cordobatimes.com\/showup\/wp-json\/wp\/v2\/posts\/95769","targetHints":{"allow":["GET"]}}],"collection":[{"href":"https:\/\/www.cordobatimes.com\/showup\/wp-json\/wp\/v2\/posts"}],"about":[{"href":"https:\/\/www.cordobatimes.com\/showup\/wp-json\/wp\/v2\/types\/post"}],"author":[{"embeddable":true,"href":"https:\/\/www.cordobatimes.com\/showup\/wp-json\/wp\/v2\/users\/1"}],"replies":[{"embeddable":true,"href":"https:\/\/www.cordobatimes.com\/showup\/wp-json\/wp\/v2\/comments?post=95769"}],"version-history":[{"count":0,"href":"https:\/\/www.cordobatimes.com\/showup\/wp-json\/wp\/v2\/posts\/95769\/revisions"}],"wp:featuredmedia":[{"embeddable":true,"href":"https:\/\/www.cordobatimes.com\/showup\/wp-json\/wp\/v2\/media\/95770"}],"wp:attachment":[{"href":"https:\/\/www.cordobatimes.com\/showup\/wp-json\/wp\/v2\/media?parent=95769"}],"wp:term":[{"taxonomy":"category","embeddable":true,"href":"https:\/\/www.cordobatimes.com\/showup\/wp-json\/wp\/v2\/categories?post=95769"},{"taxonomy":"post_tag","embeddable":true,"href":"https:\/\/www.cordobatimes.com\/showup\/wp-json\/wp\/v2\/tags?post=95769"}],"curies":[{"name":"wp","href":"https:\/\/api.w.org\/{rel}","templated":true}]}}