{"id":95739,"date":"2022-10-06T13:56:45","date_gmt":"2022-10-06T16:56:45","guid":{"rendered":"https:\/\/www.cordobatimes.com\/showup\/?p=95739"},"modified":"2022-10-06T13:56:45","modified_gmt":"2022-10-06T16:56:45","slug":"estrenos-de-cine-amsterdam-es-una-despareja-satira-sobre-conspiraciones-ideales-y-politica","status":"publish","type":"post","link":"https:\/\/www.cordobatimes.com\/showup\/cine-y-series\/2022\/10\/06\/estrenos-de-cine-amsterdam-es-una-despareja-satira-sobre-conspiraciones-ideales-y-politica\/","title":{"rendered":"Estrenos de cine: \u00c1msterdam es una despareja s\u00e1tira sobre conspiraciones, ideales y pol\u00edtica"},"content":{"rendered":"<h3 class=\"com-subhead --bajada --m-xs\"><strong>El film de David O. Russell, centrado en un complot fascista para derrocar al presidente Roosevelt en 1933, viene precedido de pol\u00e9micas fuera de c\u00e1mara; como casi todo su cine, aqu\u00ed las enormes ambiciones de una trama que anima a una docena de estrellas solo parcialmente logra sus objetivos.<\/strong><\/h3>\n<p class=\"com-paragraph   --s\"><em><strong>\u00c1msterdam<\/strong><\/em><strong>\u00a0<\/strong>(Estados Unidos\/2022).<strong>\u00a0Guion y direcci\u00f3n:\u00a0<\/strong>David O. Russell.<strong>\u00a0Fotograf\u00eda:<\/strong>\u00a0Emmanuel Lubezki.<strong>\u00a0Edici\u00f3n:<\/strong>\u00a0Jay Cassidy.<strong>\u00a0Elenco:\u00a0<\/strong>Christian Bale, Margot Robbie, John David Washington, Robert De Niro, Anya Taylor-Joy, Rami Malek, Andrea Riseborough, Michael Shannon, Mike Myers, Alessandro Nivola, Matthias Schoenaerts, Zoe Saldana, Taylor Swift.<strong>\u00a0Distribuidora:<\/strong>\u00a0Disney-Fox.<strong>\u00a0Duraci\u00f3n:\u00a0<\/strong>134 minutos.<strong>\u00a0Calificaci\u00f3n:<\/strong>\u00a0apta para mayores de 13 a\u00f1os.<strong>\u00a0Nuestra opini\u00f3n:<\/strong>\u00a0buena.<\/p>\n<p class=\"com-paragraph   --s\">Algo parece estar pasando en la antesala del estreno de varias pel\u00edculas. Algunas llegan con expectativas desmedidas alimentadas por las redes sociales, los eventos de presentaci\u00f3n, el inter\u00e9s por el material que las origina; otras precedidas de esc\u00e1ndalos en el rodaje, declaraciones de cr\u00edticos ofendidos, tensiones en su recorrido festivalero o por el prontuario de sus realizadores. As\u00ed pas\u00f3 con\u00a0<em>Cr\u00edmenes del futuro, No te preocupes cari\u00f1o<\/em>,\u00a0<em>Blonde<\/em>. Por su parte,\u00a0<em>\u00c1msterdam<\/em>\u00a0es una pel\u00edcula que asoma sin excesiva promoci\u00f3n,\u00a0envuelta en las sucesivas demandas que debi\u00f3 afrontar David O. Russell\u00a0por abusos y maltrato laboral, y adornada con los nombres de numerosas estrellas que eludieron declaraciones sobre los entretelones del proyecto. Pese a los rumores de posibles premiaciones, la cr\u00edtica de Estados Unidos fue muy severa.<\/p>\n<div class=\"youtube-embed\" data-video_id=\"Xp42uIKRJ9c\"><iframe loading=\"lazy\" title=\"#\u00c1msterdam | Tr\u00e1iler Oficial | Subtitulado\" width=\"696\" height=\"392\" src=\"https:\/\/www.youtube.com\/embed\/Xp42uIKRJ9c?feature=oembed&#038;enablejsapi=1\" frameborder=\"0\" allow=\"accelerometer; autoplay; clipboard-write; encrypted-media; gyroscope; picture-in-picture\" allowfullscreen><\/iframe><\/div>\n","protected":false},"excerpt":{"rendered":"<p>El film de David O. Russell, centrado en un complot fascista para derrocar al presidente Roosevelt en 1933, viene precedido de pol\u00e9micas fuera de c\u00e1mara; como casi todo su cine, aqu\u00ed las enormes ambiciones de una trama que anima a una docena de estrellas solo parcialmente logra sus objetivos. \u00c1msterdam\u00a0(Estados Unidos\/2022).\u00a0Guion y direcci\u00f3n:\u00a0David O. Russell.\u00a0Fotograf\u00eda:\u00a0Emmanuel [&hellip;]<\/p>\n","protected":false},"author":1,"featured_media":95740,"comment_status":"closed","ping_status":"closed","sticky":false,"template":"","format":"standard","meta":{"_seopress_robots_primary_cat":"","_seopress_titles_title":"","_seopress_titles_desc":"","_seopress_robots_index":"","footnotes":""},"categories":[3],"tags":[35881],"class_list":{"0":"post-95739","1":"post","2":"type-post","3":"status-publish","4":"format-standard","5":"has-post-thumbnail","7":"category-cine-y-series","8":"tag-trailer-amsterdam"},"_links":{"self":[{"href":"https:\/\/www.cordobatimes.com\/showup\/wp-json\/wp\/v2\/posts\/95739","targetHints":{"allow":["GET"]}}],"collection":[{"href":"https:\/\/www.cordobatimes.com\/showup\/wp-json\/wp\/v2\/posts"}],"about":[{"href":"https:\/\/www.cordobatimes.com\/showup\/wp-json\/wp\/v2\/types\/post"}],"author":[{"embeddable":true,"href":"https:\/\/www.cordobatimes.com\/showup\/wp-json\/wp\/v2\/users\/1"}],"replies":[{"embeddable":true,"href":"https:\/\/www.cordobatimes.com\/showup\/wp-json\/wp\/v2\/comments?post=95739"}],"version-history":[{"count":0,"href":"https:\/\/www.cordobatimes.com\/showup\/wp-json\/wp\/v2\/posts\/95739\/revisions"}],"wp:featuredmedia":[{"embeddable":true,"href":"https:\/\/www.cordobatimes.com\/showup\/wp-json\/wp\/v2\/media\/95740"}],"wp:attachment":[{"href":"https:\/\/www.cordobatimes.com\/showup\/wp-json\/wp\/v2\/media?parent=95739"}],"wp:term":[{"taxonomy":"category","embeddable":true,"href":"https:\/\/www.cordobatimes.com\/showup\/wp-json\/wp\/v2\/categories?post=95739"},{"taxonomy":"post_tag","embeddable":true,"href":"https:\/\/www.cordobatimes.com\/showup\/wp-json\/wp\/v2\/tags?post=95739"}],"curies":[{"name":"wp","href":"https:\/\/api.w.org\/{rel}","templated":true}]}}