{"id":95721,"date":"2022-10-04T20:48:24","date_gmt":"2022-10-04T23:48:24","guid":{"rendered":"https:\/\/www.cordobatimes.com\/showup\/?p=95721"},"modified":"2022-10-04T20:48:24","modified_gmt":"2022-10-04T23:48:24","slug":"se-entregaron-los-premios-condor-de-plata-2021","status":"publish","type":"post","link":"https:\/\/www.cordobatimes.com\/showup\/cine-y-series\/2022\/10\/04\/se-entregaron-los-premios-condor-de-plata-2021\/","title":{"rendered":"Se entregaron los Premios C\u00f3ndor de Plata 2021"},"content":{"rendered":"<h3><strong>El perro que no calla gan\u00f3 como mejor pel\u00edcula<\/strong><\/h3>\n<p>En el CC25 de Mayo se llevo a cabo la 70 edici\u00f3n de los\u00a0Premios C\u00f3ndor de Plata\u00a0organizada por la\u00a0Asociaci\u00f3n de Cronistas Cinematogr\u00e1ficos de la Argentina.\u00a0En la ceremonia,\u00a0conducida por\u00a0Gabriela Radice, distinguieron lo mejor de la producci\u00f3n nacional del a\u00f1o 2021 estrenada en cines o a trav\u00e9s de las diversas plataformas digitales disponibles en el pa\u00eds.<\/p>\n<p>El perro que no calla\u00a0de\u00a0Ana Katz\u00a0fue elegida como la mejor pel\u00edcula de ficci\u00f3n del a\u00f1o, adem\u00e1s de llevarse los galardones a mejor direcci\u00f3n\u00a0(Ana Katz),\u00a0guion original\u00a0(Ana Katz y Gonzalo Delgado),\u00a0revelaci\u00f3n masculina\u00a0(Daniel Katz)\u00a0y actor de reparto\u00a0(Carlos Portaluppi).<\/p>\n<p class=\"paragraph\"><b>La lista completa de los ganadores:<\/b><\/p>\n<p class=\"paragraph\"><b>Pel\u00edcula de Ficci\u00f3n:<\/b>\u00a0<i>El perro que no calla<\/i>\u00a0de Ana Katz<\/p>\n<p class=\"paragraph\"><b>Pel\u00edcula Documental:<\/b><i>\u00a0Esquirlas\u00a0<\/i>de Natalia Garayalde y\u00a0<i>Una casa sin cortinas\u00a0<\/i>de Jul\u00edan Troksberg<\/p>\n<p class=\"paragraph\"><b>\u00d3pera Prima:\u00a0<\/b><i>Karnawal\u00a0<\/i>de Juan Pablo F\u00e9lix<\/p>\n<p class=\"paragraph\"><b>Pel\u00edcula en Coproducci\u00f3n con Argentina:\u00a0<\/b><i>Akelarre\u00a0<\/i>de Pablo Ag\u00fcero (Espa\u00f1a, Francia y Argentina)<\/p>\n<p class=\"paragraph\"><b>Pel\u00edcula Iberoamericana<\/b>:\u00a0<i>El agente topo<\/i>\u00a0de Maite Alberdi (Chile)<\/p>\n<p class=\"paragraph\"><b>Corto de ficci\u00f3n:<\/b>\u00a0<i>Sycorax<\/i>\u00a0de Mat\u00edas Pi\u00f1eiro y Lois Pati\u00f1o<\/p>\n<p class=\"paragraph\"><b>Corto documental:<\/b>\u00a0<i>Terminal norte\u00a0<\/i>de Lucrecia Martel<\/p>\n<p class=\"paragraph\"><b>Direcci\u00f3n:\u00a0<\/b>Ana Katz por\u00a0<i>El perro que no calla<\/i><\/p>\n<p class=\"paragraph\"><b>Actriz Protag\u00f3nica:<\/b>\u00a0\u00c9rica Rivas por<i>\u00a0El pr\u00f3fugo<\/i><\/p>\n<p class=\"paragraph\"><b>Actor Protag\u00f3nico<\/b>: Leonardo Sbaraglia por<i>\u00a0Errante coraz\u00f3n<\/i><\/p>\n<p class=\"paragraph\"><b>Actriz de Reparto:<\/b>\u00a0M\u00f3nica Lairana por<i>\u00a0Karnawal<\/i><\/p>\n<p class=\"paragraph\"><b>Actor de Reparto:\u00a0<\/b>Alfredo Castro por\u00a0<i>Karnawal\u00a0<\/i>y Carlos Portaluppi por<i>\u00a0El perro que no calla<\/i><\/p>\n<p class=\"paragraph\"><b>Revelaci\u00f3n Femenina<\/b>: Nina Vera Su\u00e1rez Bl\u00e9fari por<i>\u00a0Implosi\u00f3n<\/i><\/p>\n<p class=\"paragraph\"><b>Revelaci\u00f3n Masculina<\/b>: Daniel Katz por<i>\u00a0El perro que no calla<\/i><\/p>\n<p class=\"paragraph\"><b>Guion Original:\u00a0<\/b>Gonzalo Delgado y Ana Katz por\u00a0<i>El perro que no calla<\/i><\/p>\n<p class=\"paragraph\"><b>Guion Adaptado<\/b>: Natalia Meta y Leonel D\u2019Agostino por<i>\u00a0El pr\u00f3fugo<\/i>, basado en el libro\u00a0<i>El mal menor\u00a0<\/i>de C.E. Feiling<\/p>\n<p class=\"paragraph\"><b>Direcci\u00f3n de Fotograf\u00eda<\/b>: B\u00e1rbara \u00c1lvarez por\u00a0<i>El pr\u00f3fugo<\/i><\/p>\n<p class=\"paragraph\"><b>Montaje<\/b>: Mart\u00edn Sappia y Julieta Secco por\u00a0<i>Esquirlas<\/i><\/p>\n<p class=\"paragraph\"><b>Dise\u00f1o de sonido:<\/b>\u00a0Guido Berenblum por<i>\u00a0El pr\u00f3fugo<\/i><\/p>\n<p class=\"paragraph\"><b>M\u00fasica Original:<\/b>\u00a0Luciano Azzigotti por<i>\u00a0El pr\u00f3fugo<\/i><\/p>\n<p class=\"paragraph\"><b>Canci\u00f3n Original<\/b>:<i>\u00a0Volver\u00e9<\/i>\u00a0de Diego Bravo y Osvaldo Laport para Bandido<\/p>\n<p class=\"paragraph\"><b>Dise\u00f1o de Vestuario:<\/b>\u00a0Regina Calvo y Gabriela Varela Laciar por\u00a0<i>Karnawal<\/i><\/p>\n<p class=\"paragraph\"><b>Direcci\u00f3n de Arte:<\/b>\u00a0Ail\u00ed Chen por<i>\u00a0El pr\u00f3fugo<\/i>\u00a0y Federico Mayol por<i>\u00a0El apego<\/i><\/p>\n<p class=\"paragraph\"><b>Maquillaje y Peluquer\u00eda:<\/b>\u00a0N\u00e9stor Burgos por\u00a0<i>El apego<\/i><\/p>\n<p class=\"paragraph\"><b>Premio Mar\u00eda Luisa Bemberg:<\/b>\u00a0Vanessa Ragone<\/p>\n<p class=\"paragraph\"><b>Premio Leonardo Favio<\/b>: Adolfo Aristarain<\/p>\n<p class=\"paragraph\"><b>Premio Salvador Sammaritano:<\/b>\u00a0Fernando Mart\u00edn Pe\u00f1a<\/p>\n<p class=\"paragraph\"><b>Premio al M\u00e9rito Period\u00edstico:<\/b>\u00a0Guillermo Courau, Catalina Dlugi, Javier Luzi, Mar\u00eda Fernanda Mugica y Juan Pablo Russo.<\/p>\n<p class=\"paragraph\"><b>Premio del p\u00fablico BA Audiovisual<\/b>:\u00a0<i>Implosi\u00f3n,\u00a0<\/i>de Javier van de Couter<img alt=\"\" loading=\"lazy\" decoding=\"async\" class=\"alignnone size-medium wp-image-95722\" src=\"https:\/\/www.cordobatimes.com\/showup\/wp-content\/uploads\/2022\/10\/Pantallazo-04-10-2022-20.40.28-638x420.jpg\" alt=\"\" width=\"638\" height=\"420\" srcset=\"https:\/\/www.cordobatimes.com\/showup\/wp-content\/uploads\/2022\/10\/Pantallazo-04-10-2022-20.40.28-638x420.jpg 638w, https:\/\/www.cordobatimes.com\/showup\/wp-content\/uploads\/2022\/10\/Pantallazo-04-10-2022-20.40.28-696x458.jpg 696w, https:\/\/www.cordobatimes.com\/showup\/wp-content\/uploads\/2022\/10\/Pantallazo-04-10-2022-20.40.28.jpg 755w\" sizes=\"auto, (max-width: 638px) 100vw, 638px\" \/><\/p>\n","protected":false},"excerpt":{"rendered":"<p>El perro que no calla gan\u00f3 como mejor pel\u00edcula En el CC25 de Mayo se llevo a cabo la 70 edici\u00f3n de los\u00a0Premios C\u00f3ndor de Plata\u00a0organizada por la\u00a0Asociaci\u00f3n de Cronistas Cinematogr\u00e1ficos de la Argentina.\u00a0En la ceremonia,\u00a0conducida por\u00a0Gabriela Radice, distinguieron lo mejor de la producci\u00f3n nacional del a\u00f1o 2021 estrenada en cines o a trav\u00e9s de [&hellip;]<\/p>\n","protected":false},"author":1,"featured_media":95722,"comment_status":"closed","ping_status":"closed","sticky":false,"template":"","format":"standard","meta":{"_seopress_robots_primary_cat":"","_seopress_titles_title":"","_seopress_titles_desc":"","_seopress_robots_index":"","footnotes":""},"categories":[3],"tags":[35870,35869],"class_list":{"0":"post-95721","1":"post","2":"type-post","3":"status-publish","4":"format-standard","5":"has-post-thumbnail","7":"category-cine-y-series","8":"tag-ganadores-de-los-premios-condor-de-plata-2021","9":"tag-premios-condor-de-plata-2021"},"_links":{"self":[{"href":"https:\/\/www.cordobatimes.com\/showup\/wp-json\/wp\/v2\/posts\/95721","targetHints":{"allow":["GET"]}}],"collection":[{"href":"https:\/\/www.cordobatimes.com\/showup\/wp-json\/wp\/v2\/posts"}],"about":[{"href":"https:\/\/www.cordobatimes.com\/showup\/wp-json\/wp\/v2\/types\/post"}],"author":[{"embeddable":true,"href":"https:\/\/www.cordobatimes.com\/showup\/wp-json\/wp\/v2\/users\/1"}],"replies":[{"embeddable":true,"href":"https:\/\/www.cordobatimes.com\/showup\/wp-json\/wp\/v2\/comments?post=95721"}],"version-history":[{"count":0,"href":"https:\/\/www.cordobatimes.com\/showup\/wp-json\/wp\/v2\/posts\/95721\/revisions"}],"wp:featuredmedia":[{"embeddable":true,"href":"https:\/\/www.cordobatimes.com\/showup\/wp-json\/wp\/v2\/media\/95722"}],"wp:attachment":[{"href":"https:\/\/www.cordobatimes.com\/showup\/wp-json\/wp\/v2\/media?parent=95721"}],"wp:term":[{"taxonomy":"category","embeddable":true,"href":"https:\/\/www.cordobatimes.com\/showup\/wp-json\/wp\/v2\/categories?post=95721"},{"taxonomy":"post_tag","embeddable":true,"href":"https:\/\/www.cordobatimes.com\/showup\/wp-json\/wp\/v2\/tags?post=95721"}],"curies":[{"name":"wp","href":"https:\/\/api.w.org\/{rel}","templated":true}]}}