{"id":95711,"date":"2022-10-04T17:54:40","date_gmt":"2022-10-04T20:54:40","guid":{"rendered":"https:\/\/www.cordobatimes.com\/showup\/?p=95711"},"modified":"2022-10-04T17:54:40","modified_gmt":"2022-10-04T20:54:40","slug":"coldplay-suspende-shows-en-brasil-por-problemas-de-salud-de-chris-martin-que-pasara-con-las-fechas-en-argentina","status":"publish","type":"post","link":"https:\/\/www.cordobatimes.com\/showup\/musica\/2022\/10\/04\/coldplay-suspende-shows-en-brasil-por-problemas-de-salud-de-chris-martin-que-pasara-con-las-fechas-en-argentina\/","title":{"rendered":"Coldplay suspende shows en Brasil por problemas de salud de Chris Martin: qu\u00e9 pasar\u00e1 con las fechas en Argentina"},"content":{"rendered":"<h3><strong>El cantante deber\u00e1 guardar reposo. Lo comunic\u00f3 el grupo brit\u00e1nico a trav\u00e9s de sus redes sociales<\/strong><\/h3>\n<p>Chris Martin\u00a0deber\u00e1 guardar reposo durante tres semanas, aquejado por una infecci\u00f3n pulmonar. Por esa raz\u00f3n, los recitales que\u00a0Coldplay\u00a0brindar\u00eda en estos d\u00edas en Brasil fueron suspendidos:\u00a0se realizar\u00edan en los primeros meses de 2023, aun sin fechas confirmadas. Pero de inmediato surgi\u00f3 el interrogante sobre qu\u00e9 suceder\u00eda con los recitales que el grupo brit\u00e1nico tiene previsto ofrecer en Buenos Aires: \u201cPor el momento\u00a0los shows en Argentina\u00a0siguen confirmados\u201d, se anuncia en el comunicado que el grupo difundi\u00f3 en sus redes sociales.<\/p>\n<p>All\u00ed se informa que Martin, de 45 a\u00f1os, presenta \u201cuna afecci\u00f3n pulmonar grave\u201d, y que por tal motivo \u201cdeber\u00e1 estar cuidado estrictamente por m\u00e9dicos durante las pr\u00f3ximas tres semanas\u201d. Como su salud es prioridad, claro est\u00e1, la banda se ve \u201cforzada\u201d a \u201cposponer los shows\u201d -un total de ocho- en\u00a0San Pablo\u00a0y\u00a0R\u00edo de Janeiro. No obstante, los nuevos d\u00edas para los espect\u00e1culos postergados no fueron definidos.<\/p>\n<p>La organizaci\u00f3n pide disculpas por los inconvenientes que esto genera en sus fans, a quienes agradece su \u201ccomprensi\u00f3n\u201d. \u201cSomos optimistas y creemos que volver\u00e1 con buena salud despu\u00e9s de este parate m\u00e9dico prescripto\u201d,\u00a0dice Coldplay en su comunicado, remarcando las \u201cganas\u201d de regresar al tour\u00a0Music of the Spheres\u00a0\u201clo antes posible\u201d.<\/p>\n<blockquote class=\"instagram-media\" style=\"background: #FFF; border: 0; border-radius: 3px; box-shadow: 0 0 1px 0 rgba(0,0,0,0.5),0 1px 10px 0 rgba(0,0,0,0.15); margin: 1px; max-width: 540px; min-width: 326px; padding: 0; width: calc(100% - 2px);\" data-instgrm-captioned=\"\" data-instgrm-permalink=\"https:\/\/www.instagram.com\/p\/CjS1xqKILoJ\/?utm_source=ig_embed&amp;utm_campaign=loading\" data-instgrm-version=\"14\">\n<div style=\"padding: 16px;\">\n<p>&nbsp;<\/p>\n<div style=\"display: flex; flex-direction: row; align-items: center;\">\n<div style=\"background-color: #f4f4f4; border-radius: 50%; flex-grow: 0; height: 40px; margin-right: 14px; width: 40px;\"><\/div>\n<div style=\"display: flex; flex-direction: column; flex-grow: 1; justify-content: center;\">\n<div style=\"background-color: #f4f4f4; border-radius: 4px; flex-grow: 0; height: 14px; margin-bottom: 6px; width: 100px;\"><\/div>\n<div style=\"background-color: #f4f4f4; border-radius: 4px; flex-grow: 0; height: 14px; width: 60px;\"><\/div>\n<\/div>\n<\/div>\n<div style=\"padding: 19% 0;\"><\/div>\n<div style=\"display: block; height: 50px; margin: 0 auto 12px; width: 50px;\"><\/div>\n<div style=\"padding-top: 8px;\">\n<div style=\"color: #3897f0; font-family: Arial,sans-serif; font-size: 14px; font-style: normal; font-weight: 550; line-height: 18px;\">Ver esta publicaci\u00f3n en Instagram<\/div>\n<\/div>\n<div style=\"padding: 12.5% 0;\"><\/div>\n<div style=\"display: flex; flex-direction: row; margin-bottom: 14px; align-items: center;\">\n<div>\n<div style=\"background-color: #f4f4f4; border-radius: 50%; height: 12.5px; width: 12.5px; transform: translateX(0px) translateY(7px);\"><\/div>\n<div style=\"background-color: #f4f4f4; height: 12.5px; transform: rotate(-45deg) translateX(3px) translateY(1px); width: 12.5px; flex-grow: 0; margin-right: 14px; margin-left: 2px;\"><\/div>\n<div style=\"background-color: #f4f4f4; border-radius: 50%; height: 12.5px; width: 12.5px; transform: translateX(9px) translateY(-18px);\"><\/div>\n<\/div>\n<div style=\"margin-left: 8px;\">\n<div style=\"background-color: #f4f4f4; border-radius: 50%; flex-grow: 0; height: 20px; width: 20px;\"><\/div>\n<div style=\"width: 0; height: 0; border-top: 2px solid transparent; border-left: 6px solid #f4f4f4; border-bottom: 2px solid transparent; transform: translateX(16px) translateY(-4px) rotate(30deg);\"><\/div>\n<\/div>\n<div style=\"margin-left: auto;\">\n<div style=\"width: 0px; border-top: 8px solid #F4F4F4; border-right: 8px solid transparent; transform: translateY(16px);\"><\/div>\n<div style=\"background-color: #f4f4f4; flex-grow: 0; height: 12px; width: 16px; transform: translateY(-4px);\"><\/div>\n<div style=\"width: 0; height: 0; border-top: 8px solid #F4F4F4; border-left: 8px solid transparent; transform: translateY(-4px) translateX(8px);\"><\/div>\n<\/div>\n<\/div>\n<div style=\"display: flex; flex-direction: column; flex-grow: 1; justify-content: center; margin-bottom: 24px;\">\n<div style=\"background-color: #f4f4f4; border-radius: 4px; flex-grow: 0; height: 14px; margin-bottom: 6px; width: 224px;\"><\/div>\n<div style=\"background-color: #f4f4f4; border-radius: 4px; flex-grow: 0; height: 14px; width: 144px;\"><\/div>\n<\/div>\n<p>&nbsp;<\/p>\n<p style=\"color: #c9c8cd; font-family: Arial,sans-serif; font-size: 14px; line-height: 17px; margin-bottom: 0; margin-top: 8px; overflow: hidden; padding: 8px 0 7px; text-align: center; text-overflow: ellipsis; white-space: nowrap;\"><a style=\"color: #c9c8cd; font-family: Arial,sans-serif; font-size: 14px; font-style: normal; font-weight: normal; line-height: 17px; text-decoration: none;\" href=\"https:\/\/www.instagram.com\/p\/CjS1xqKILoJ\/?utm_source=ig_embed&amp;utm_campaign=loading\" target=\"_blank\" rel=\"noopener\">Una publicaci\u00f3n compartida por Coldplay (@coldplay)<\/a><\/p>\n<\/div>\n<\/blockquote>\n<p><script async src=\"\/\/www.instagram.com\/embed.js\"><\/script><\/p>\n","protected":false},"excerpt":{"rendered":"<p>El cantante deber\u00e1 guardar reposo. Lo comunic\u00f3 el grupo brit\u00e1nico a trav\u00e9s de sus redes sociales Chris Martin\u00a0deber\u00e1 guardar reposo durante tres semanas, aquejado por una infecci\u00f3n pulmonar. Por esa raz\u00f3n, los recitales que\u00a0Coldplay\u00a0brindar\u00eda en estos d\u00edas en Brasil fueron suspendidos:\u00a0se realizar\u00edan en los primeros meses de 2023, aun sin fechas confirmadas. Pero de inmediato [&hellip;]<\/p>\n","protected":false},"author":1,"featured_media":95712,"comment_status":"closed","ping_status":"closed","sticky":false,"template":"","format":"standard","meta":{"_seopress_robots_primary_cat":"","_seopress_titles_title":"","_seopress_titles_desc":"","_seopress_robots_index":"","footnotes":""},"categories":[5],"tags":[35864,35863,35866,35865],"class_list":{"0":"post-95711","1":"post","2":"type-post","3":"status-publish","4":"format-standard","5":"has-post-thumbnail","7":"category-musica","8":"tag-coldplay-shows-brasil","9":"tag-coldplay-suspende-shows-en-brasil","10":"tag-problemas-de-salud-de-chris-martin","11":"tag-salud-de-chris-martin"},"_links":{"self":[{"href":"https:\/\/www.cordobatimes.com\/showup\/wp-json\/wp\/v2\/posts\/95711","targetHints":{"allow":["GET"]}}],"collection":[{"href":"https:\/\/www.cordobatimes.com\/showup\/wp-json\/wp\/v2\/posts"}],"about":[{"href":"https:\/\/www.cordobatimes.com\/showup\/wp-json\/wp\/v2\/types\/post"}],"author":[{"embeddable":true,"href":"https:\/\/www.cordobatimes.com\/showup\/wp-json\/wp\/v2\/users\/1"}],"replies":[{"embeddable":true,"href":"https:\/\/www.cordobatimes.com\/showup\/wp-json\/wp\/v2\/comments?post=95711"}],"version-history":[{"count":0,"href":"https:\/\/www.cordobatimes.com\/showup\/wp-json\/wp\/v2\/posts\/95711\/revisions"}],"wp:featuredmedia":[{"embeddable":true,"href":"https:\/\/www.cordobatimes.com\/showup\/wp-json\/wp\/v2\/media\/95712"}],"wp:attachment":[{"href":"https:\/\/www.cordobatimes.com\/showup\/wp-json\/wp\/v2\/media?parent=95711"}],"wp:term":[{"taxonomy":"category","embeddable":true,"href":"https:\/\/www.cordobatimes.com\/showup\/wp-json\/wp\/v2\/categories?post=95711"},{"taxonomy":"post_tag","embeddable":true,"href":"https:\/\/www.cordobatimes.com\/showup\/wp-json\/wp\/v2\/tags?post=95711"}],"curies":[{"name":"wp","href":"https:\/\/api.w.org\/{rel}","templated":true}]}}