{"id":95692,"date":"2022-09-30T11:31:35","date_gmt":"2022-09-30T14:31:35","guid":{"rendered":"https:\/\/www.cordobatimes.com\/showup\/?p=95692"},"modified":"2022-09-30T11:31:35","modified_gmt":"2022-09-30T14:31:35","slug":"billboard-latinos-2022-tini-cautivo-al-publico-con-un-show-emocionante","status":"publish","type":"post","link":"https:\/\/www.cordobatimes.com\/showup\/musica\/2022\/09\/30\/billboard-latinos-2022-tini-cautivo-al-publico-con-un-show-emocionante\/","title":{"rendered":"Billboard Latinos 2022:  Tini cautiv\u00f3 al p\u00fablico con un show emocionante"},"content":{"rendered":"<h3><strong>Un punto alto de la noche fue el show de\u00a0Tini Stoessel, quien cautiv\u00f3 al p\u00fablico y fue aplaudida de pie.<\/strong><\/h3>\n<p>Uno de los momentos m\u00e1s celebrados de la noche lo protagoniz\u00f3\u00a0Tini, quien \u2014vestida completamente de rosa y con su micr\u00f3fono dorado\u2014\u00a0emocion\u00f3 a todos al cantar \u00abCarne y Hueso\u00bb. Al terminar su interpretaci\u00f3n, los presentes la\u00a0ovacionaron de pie.<\/p>\n<p><iframe loading=\"lazy\" title=\"YouTube video player\" src=\"https:\/\/www.youtube.com\/embed\/KPX294LNIzI\" width=\"560\" height=\"315\" frameborder=\"0\" allowfullscreen=\"allowfullscreen\"><\/iframe><\/p>\n<h2><strong>Todos los ganadores\u00a0<\/strong><\/h2>\n<p><strong>Artista del A\u00f1o<em>:<\/em><\/strong><\/p>\n<ul>\n<li>Bad Bunny<\/li>\n<\/ul>\n<p><strong>Artista del A\u00f1o, Debut<\/strong><\/p>\n<ul>\n<li>Iv\u00e1n Cornejo<\/li>\n<\/ul>\n<p><strong>Gira del A\u00f1o<\/strong><\/p>\n<ul>\n<li>Bad Bunny<\/li>\n<\/ul>\n<p><strong>Artista Crossover del A\u00f1o<\/strong><\/p>\n<ul>\n<li>Skrillex<\/li>\n<\/ul>\n<p><strong>&#8216;Hot Latin Song&#8217; Canci\u00f3n del A\u00f1o<\/strong><\/p>\n<ul>\n<li>Farruko,\u00a0<em>Pepas<\/em><\/li>\n<\/ul>\n<p><strong>&#8216;Hot Latin Song&#8217;, Colaboraci\u00f3n Vocal del A\u00f1o<\/strong><\/p>\n<ul>\n<li>Becky G &amp; Karol G,\u00a0<em>Mamiii<\/em><\/li>\n<\/ul>\n<p><strong>&#8216;Hot Latin Song&#8217; Artista del A\u00f1o, Masculino<\/strong><\/p>\n<ul>\n<li>Bad Bunny<\/li>\n<\/ul>\n<p><strong>&#8216;Hot Latin Song&#8217; Artista del A\u00f1o, Femenina<\/strong><\/p>\n<ul>\n<li>Karol G<\/li>\n<\/ul>\n<p><strong>&#8216;Hot Latin Song&#8217; Artista del A\u00f1o, D\u00fao o Grupo<\/strong><\/p>\n<ul>\n<li>Grupo Firme<\/li>\n<\/ul>\n<p><strong>&#8216;Hot Latin Song&#8217; Sello Discogr\u00e1fico del A\u00f1o<\/strong><\/p>\n<ul>\n<li>Rimas<\/li>\n<\/ul>\n<p><strong>&#8216;Hot Latin Song&#8217; Casa Disquera del A\u00f1o<\/strong><\/p>\n<ul>\n<li>Rimas<\/li>\n<\/ul>\n<p><strong>Canci\u00f3n del A\u00f1o, Latin Airlplay<\/strong><\/p>\n<ul>\n<li>Rauw Alejandro, \u201cTodo de Ti\u201d<\/li>\n<\/ul>\n<p><strong>Sello Discogr\u00e1fico del A\u00f1o, Latin Airlplay<\/strong><\/p>\n<ul>\n<li>Sony Music Latin<\/li>\n<\/ul>\n<p><strong>Casa Disquera del A\u00f1o, Latin Airplay<\/strong><\/p>\n<ul>\n<li>Sony Music Latin<\/li>\n<\/ul>\n<p><strong>Canci\u00f3n del A\u00f1o &#8211; Ventas<\/strong><\/p>\n<ul>\n<li>Farruko,\u00a0<em>Pepas<\/em><\/li>\n<\/ul>\n<p><strong>Canci\u00f3n del A\u00f1o &#8211; Streaming<\/strong><\/p>\n<ul>\n<li>Farruko,\u00a0<em>Pepas<\/em><\/li>\n<\/ul>\n<p><strong>&#8216;Top Latin Album&#8217; del A\u00f1o<\/strong><\/p>\n<ul>\n<li>Bad Bunny,\u00a0<em>Un Verano Sin Ti<\/em><\/li>\n<\/ul>\n<p><strong>&#8216;Top Latin Album&#8217; Artista del A\u00f1o, Masculino<\/strong><\/p>\n<ul>\n<li>Bad Bunny<\/li>\n<\/ul>\n<p><strong>&#8216;Top Latin Album&#8217; Artista del A\u00f1o, Femenina<\/strong><\/p>\n<ul>\n<li>Karol G<\/li>\n<\/ul>\n<p><strong>&#8216;Top Latin Album&#8217; Artista del A\u00f1o D\u00fao o Grupo<\/strong><\/p>\n<ul>\n<li>Eslab\u00f3n Armado<\/li>\n<\/ul>\n<p><strong>&#8216;Top Latin Album&#8217; Sello Discogr\u00e1fico del A\u00f1o<\/strong><\/p>\n<ul>\n<li>Rimas<\/li>\n<\/ul>\n<p><strong>&#8216;Top Latin Album&#8217; Casa Disquera del A\u00f1o<\/strong><\/p>\n<ul>\n<li>Rimas<\/li>\n<\/ul>\n<p><strong>Artista &#8216;Latin Pop&#8217; del A\u00f1o, Solista<\/strong><\/p>\n<ul>\n<li>Enrique Iglesias<\/li>\n<\/ul>\n<p><strong>Artista &#8216;Latin Pop&#8217; del A\u00f1o, D\u00fao o Grupo<\/strong><\/p>\n<ul>\n<li>Man\u00e1<\/li>\n<\/ul>\n<p><strong>Canci\u00f3n &#8216;Latin Pop&#8217; del A\u00f1o<\/strong><\/p>\n<ul>\n<li>Rauw Alejandro,\u00a0<em>Todo de ti<\/em><\/li>\n<\/ul>\n<p><strong>&#8216;Latin Pop Airplay&#8217; Sello Discogr\u00e1fico del A\u00f1o<\/strong><\/p>\n<ul>\n<li>Sony Music Latin<\/li>\n<\/ul>\n<p><strong>&#8216;Latin Pop Airplay&#8217; Casa Disquera del A\u00f1o<\/strong><\/p>\n<ul>\n<li>Sony Music Latin<\/li>\n<\/ul>\n<p><strong>\u00c1lbum &#8216;Latin Pop&#8217; del A\u00f1o<\/strong><\/p>\n<ul>\n<li>Rosal\u00eda,\u00a0<em>Motomami<\/em><\/li>\n<\/ul>\n<p><strong>&#8216;Latin Pop Albums&#8217; Sello Discogr\u00e1fico del A\u00f1o<\/strong><\/p>\n<ul>\n<li>Universal Music Latin Entertainment<\/li>\n<\/ul>\n<p><strong>&#8216;Latin Pop Albums&#8217; Casa Disquera del A\u00f1o<\/strong><\/p>\n<ul>\n<li>Universal Music Latino<\/li>\n<\/ul>\n<p><strong>Artista Tropical del A\u00f1o, Solista<\/strong><\/p>\n<ul>\n<li>Romeo Santos<\/li>\n<\/ul>\n<p><strong>Artista Tropical del A\u00f1o, D\u00fao o Grupo<\/strong><\/p>\n<ul>\n<li>Aventura<\/li>\n<\/ul>\n<p><strong>Canci\u00f3n Tropical del A\u00f1o<\/strong><\/p>\n<ul>\n<li>Aventura &amp; Bad Bunny,\u00a0<em>Volv\u00ed<\/em><\/li>\n<\/ul>\n<p><strong>&#8216;Tropical Airplay&#8217; Sello Discogr\u00e1fico del A\u00f1o<\/strong><\/p>\n<ul>\n<li>Sony Music Latin<\/li>\n<\/ul>\n<p><strong>&#8216;Tropical Airplay&#8217; Casa Disquera del A\u00f1o<\/strong><\/p>\n<ul>\n<li>Sony Music Latin<\/li>\n<\/ul>\n<p><strong>\u00c1lbum Tropical del A\u00f1o<\/strong><\/p>\n<ul>\n<li>Marc Anthony,\u00a0<em>Pa\u2019lla Voy<\/em><\/li>\n<\/ul>\n<p><strong>&#8216;Tropical Albums&#8217; Sello Discogr\u00e1fico del A\u00f1o<\/strong><\/p>\n<ul>\n<li>Sony Music Latin<\/li>\n<\/ul>\n<p><strong>&#8216;Tropical Albums&#8217; Casa Disquera del A\u00f1o<\/strong><\/p>\n<ul>\n<li>Sony Music Latin<\/li>\n<\/ul>\n<p><strong>Artista Regional Mexicano del A\u00f1o, Solista<\/strong><\/p>\n<ul>\n<li>Christian Nodal<\/li>\n<\/ul>\n<p><strong>Artista Regional Mexicano del A\u00f1o, D\u00fao o Grupo<\/strong><\/p>\n<ul>\n<li>Eslab\u00f3n Armado<\/li>\n<\/ul>\n<p><strong>Canci\u00f3n Regional Mexicana del A\u00f1o<\/strong><\/p>\n<ul>\n<li>Grupo Firme,\u00a0<em>Ya Sup\u00e9rame<\/em>\u00a0(En Vivo Desde Culiac\u00e1n, Sinaloa)<\/li>\n<\/ul>\n<p><strong>&#8216;Regional Mexican Airplay&#8217; Sello Discogr\u00e1fico del A\u00f1o<\/strong><\/p>\n<ul>\n<li>Universal Music Latin Entertainment<\/li>\n<\/ul>\n<p><strong>&#8216;Regional Mexican Airplay&#8217; Casa Disquera del A\u00f1o<\/strong><\/p>\n<ul>\n<li>Fonovisa<\/li>\n<\/ul>\n<p><strong>\u00c1lbum Regional Mexicano del A\u00f1o<\/strong><\/p>\n<ul>\n<li>Ivan Cornejo,\u00a0<em>Alma Vac\u00eda<\/em><\/li>\n<\/ul>\n<p><strong>&#8216;Regional Mexican Albums&#8217; Sello Discogr\u00e1fico del A\u00f1o<\/strong><\/p>\n<ul>\n<li>Universal Music Latin Entertainment<\/li>\n<\/ul>\n<p><strong>&#8216;Regional Mexican Albums&#8217; Casa Disquera del A\u00f1o<\/strong><\/p>\n<ul>\n<li>Del<\/li>\n<\/ul>\n<p><strong>Artista &#8216;Latin Rhythm&#8217; del A\u00f1o, solista<\/strong><\/p>\n<ul>\n<li>Bad Bunny<\/li>\n<\/ul>\n<p><strong>Artista &#8216;Latin Rhythm&#8217; del A\u00f1o, D\u00fao o Grupo<\/strong><\/p>\n<ul>\n<li>Wisin &amp; Yandel<\/li>\n<\/ul>\n<p><strong>Canci\u00f3n &#8216;Latin Rhythm&#8217; del A\u00f1o<\/strong><\/p>\n<ul>\n<li>Farruko,\u00a0<em>Pepas<\/em><\/li>\n<\/ul>\n<p><strong>&#8216;Latin Rhythm Airplay&#8217; Sello Discogr\u00e1fico del A\u00f1o<\/strong><\/p>\n<ul>\n<li>Sony Music Latin<\/li>\n<\/ul>\n<p><strong>&#8216;Latin Rhythm Airplay&#8217; Casa Disquera del A\u00f1o<\/strong><\/p>\n<ul>\n<li>Universal Music Latino<\/li>\n<\/ul>\n<p><strong>\u00c1lbum &#8216;Latin Rhythm&#8217; del A\u00f1o<\/strong><\/p>\n<ul>\n<li>Bad Bunny,\u00a0<em>Un Verano Sin Ti<\/em><\/li>\n<\/ul>\n<p><strong>&#8216;Latin Rhythm Airplay Albums&#8217; Sello Discogr\u00e1fico del A\u00f1o<\/strong><\/p>\n<ul>\n<li>Rimas<\/li>\n<\/ul>\n<p><strong>&#8216;Latin Rhythm Airplay Albums&#8217; Casa Disquera del A\u00f1o<\/strong>:<\/p>\n<ul>\n<li>Rimas<\/li>\n<\/ul>\n<p><strong>Compositor del A\u00f1o<\/strong><\/p>\n<ul>\n<li>Bad Bunny<\/li>\n<\/ul>\n<p><strong>Editora del A\u00f1o<\/strong><\/p>\n<ul>\n<li>RSM Publishing, ASCAP<\/li>\n<\/ul>\n<p><strong>Corporaci\u00f3n Editora del A\u00f1o<\/strong><\/p>\n<ul>\n<li>Sony Music Publishing<\/li>\n<\/ul>\n<p><strong><em>Productor del A\u00f1o<\/em><\/strong><\/p>\n<ul>\n<li>Tainy<\/li>\n<\/ul>\n<h3><strong>Premio Billboard Trayectoria Art\u00edstica<\/strong><\/h3>\n<ul>\n<li>Raphael<\/li>\n<\/ul>\n<p><strong>Premio Billboard \u00cdcono<\/strong><\/p>\n<ul>\n<li>Chayanne<\/li>\n<\/ul>\n<p><strong>Premio Billboard Esp\u00edritu de la Esperanza<\/strong><\/p>\n<ul>\n<li>Christina Aguilera<\/li>\n<\/ul>\n<p><strong>Premio Billboard Leyenda<\/strong><\/p>\n<ul>\n<li>Jos\u00e9 Feliciano<\/li>\n<\/ul>\n<p><strong>Premio Billboard Sal\u00f3n de la Fama<\/strong><\/p>\n<ul>\n<li>Nicky Jam<\/li>\n<\/ul>\n","protected":false},"excerpt":{"rendered":"<p>Un punto alto de la noche fue el show de\u00a0Tini Stoessel, quien cautiv\u00f3 al p\u00fablico y fue aplaudida de pie. Uno de los momentos m\u00e1s celebrados de la noche lo protagoniz\u00f3\u00a0Tini, quien \u2014vestida completamente de rosa y con su micr\u00f3fono dorado\u2014\u00a0emocion\u00f3 a todos al cantar \u00abCarne y Hueso\u00bb. Al terminar su interpretaci\u00f3n, los presentes la\u00a0ovacionaron [&hellip;]<\/p>\n","protected":false},"author":1,"featured_media":95693,"comment_status":"closed","ping_status":"closed","sticky":false,"template":"","format":"standard","meta":{"_seopress_robots_primary_cat":"","_seopress_titles_title":"","_seopress_titles_desc":"","_seopress_robots_index":"","footnotes":""},"categories":[5],"tags":[35743,35741,35744,35742],"class_list":{"0":"post-95692","1":"post","2":"type-post","3":"status-publish","4":"format-standard","5":"has-post-thumbnail","7":"category-musica","8":"tag-billboard-latinos-2022","9":"tag-ganadores-de-los-premios-billboard-2022","10":"tag-tini-stoessel-billboard-latinos-2022","11":"tag-tini-stoessel-premios-billboard"},"_links":{"self":[{"href":"https:\/\/www.cordobatimes.com\/showup\/wp-json\/wp\/v2\/posts\/95692","targetHints":{"allow":["GET"]}}],"collection":[{"href":"https:\/\/www.cordobatimes.com\/showup\/wp-json\/wp\/v2\/posts"}],"about":[{"href":"https:\/\/www.cordobatimes.com\/showup\/wp-json\/wp\/v2\/types\/post"}],"author":[{"embeddable":true,"href":"https:\/\/www.cordobatimes.com\/showup\/wp-json\/wp\/v2\/users\/1"}],"replies":[{"embeddable":true,"href":"https:\/\/www.cordobatimes.com\/showup\/wp-json\/wp\/v2\/comments?post=95692"}],"version-history":[{"count":0,"href":"https:\/\/www.cordobatimes.com\/showup\/wp-json\/wp\/v2\/posts\/95692\/revisions"}],"wp:featuredmedia":[{"embeddable":true,"href":"https:\/\/www.cordobatimes.com\/showup\/wp-json\/wp\/v2\/media\/95693"}],"wp:attachment":[{"href":"https:\/\/www.cordobatimes.com\/showup\/wp-json\/wp\/v2\/media?parent=95692"}],"wp:term":[{"taxonomy":"category","embeddable":true,"href":"https:\/\/www.cordobatimes.com\/showup\/wp-json\/wp\/v2\/categories?post=95692"},{"taxonomy":"post_tag","embeddable":true,"href":"https:\/\/www.cordobatimes.com\/showup\/wp-json\/wp\/v2\/tags?post=95692"}],"curies":[{"name":"wp","href":"https:\/\/api.w.org\/{rel}","templated":true}]}}