{"id":95642,"date":"2022-09-28T13:04:32","date_gmt":"2022-09-28T16:04:32","guid":{"rendered":"https:\/\/www.cordobatimes.com\/showup\/?p=95642"},"modified":"2022-09-28T13:04:32","modified_gmt":"2022-09-28T16:04:32","slug":"los-guns-n-roses-llegaron-a-la-argentina","status":"publish","type":"post","link":"https:\/\/www.cordobatimes.com\/showup\/musica\/2022\/09\/28\/los-guns-n-roses-llegaron-a-la-argentina\/","title":{"rendered":"Los Guns N\u2019 Roses llegaron a la Argentina"},"content":{"rendered":"<h3><strong>Despu\u00e9s de su paso por Brasil, la banda liderada por Axl Rose sigue el cronograma de la gira y brindar\u00e1 un \u00fanico show en el estadio de River Plate el viernes<\/strong><\/h3>\n<p>Los\u00a0Guns N\u2019 Roses\u00a0llegaron a la Argentina el martes por la noche, tras cinco a\u00f1os de ausencia, y ya palpitan su show del viernes en el estadio de\u00a0River Plate, de gran valor simb\u00f3lico para sus fan\u00e1ticos, por ser el mismo lugar donde los vieron tocar por primera vez en nuestro pa\u00eds. Arribaron un rato antes de la medianoche al Aeropuerto de Ezeiza en el marco de su mega gira \u201cSouth American Tour 2022\u2033. Despu\u00e9s de presentarse en Brasil, lleg\u00f3 el turno de Buenos Aires.<\/p>\n<p>Reci\u00e9n llegado a la capital porte\u00f1a, solo el\u00a0ic\u00f3nico guitarrista de la banda, Slash, fue captado por los fot\u00f3grafos. El look lo hizo a\u00fan m\u00e1s reconocible: campera de cuero, gafas de sol negras, la cl\u00e1sica gorra dada vuelta y la melena a la vista, portando su instrumento en todo momento. El m\u00fasico mir\u00f3 hacia las c\u00e1maras en algunas oportunidades y luego se subi\u00f3 al auto que lo esperaba.<\/p>\n<p>Se trata de la primera visita al pa\u00eds desde octubre de 2017, cuando dijeron presente en el Estadio \u00danico de La Plata junto a la banda brit\u00e1nica The Who. Tal como estaba anunciado, el 30 de septiembre,\u00a0Axl Rose, Slash y Duff MacKagan pisar\u00e1n nuevamente el Monumental.\u00a0El tour es la continuaci\u00f3n de \u201cNot in This Lifetime Tour\u201d, el cual marc\u00f3\u00a0el reencuentro del n\u00facleo original\u00a0de la banda luego de varios a\u00f1os de distanciamiento. La cumbre m\u00e1s esperada por sus admiradores se realiz\u00f3 en el marco de los\u00a030 a\u00f1os\u00a0de una de las bandas de rock m\u00e1s influyentes de las \u00faltimas d\u00e9cadas.<\/p>\n<p><img alt=\"\" loading=\"lazy\" decoding=\"async\" class=\"alignnone size-medium wp-image-95644\" src=\"https:\/\/www.cordobatimes.com\/showup\/wp-content\/uploads\/2022\/09\/Pantallazo-28-09-2022-13.00.10-748x420.jpg\" alt=\"\" width=\"748\" height=\"420\" srcset=\"https:\/\/www.cordobatimes.com\/showup\/wp-content\/uploads\/2022\/09\/Pantallazo-28-09-2022-13.00.10-748x420.jpg 748w, https:\/\/www.cordobatimes.com\/showup\/wp-content\/uploads\/2022\/09\/Pantallazo-28-09-2022-13.00.10-696x391.jpg 696w, https:\/\/www.cordobatimes.com\/showup\/wp-content\/uploads\/2022\/09\/Pantallazo-28-09-2022-13.00.10.jpg 759w\" sizes=\"auto, (max-width: 748px) 100vw, 748px\" \/> <img alt=\"\" loading=\"lazy\" decoding=\"async\" class=\"alignnone size-medium wp-image-95645\" src=\"https:\/\/www.cordobatimes.com\/showup\/wp-content\/uploads\/2022\/09\/Pantallazo-28-09-2022-13.00.39-638x420.jpg\" alt=\"\" width=\"638\" height=\"420\" srcset=\"https:\/\/www.cordobatimes.com\/showup\/wp-content\/uploads\/2022\/09\/Pantallazo-28-09-2022-13.00.39-638x420.jpg 638w, https:\/\/www.cordobatimes.com\/showup\/wp-content\/uploads\/2022\/09\/Pantallazo-28-09-2022-13.00.39-696x458.jpg 696w, https:\/\/www.cordobatimes.com\/showup\/wp-content\/uploads\/2022\/09\/Pantallazo-28-09-2022-13.00.39.jpg 756w\" sizes=\"auto, (max-width: 638px) 100vw, 638px\" \/> <img alt=\"\" loading=\"lazy\" decoding=\"async\" class=\"alignnone size-medium wp-image-95646\" src=\"https:\/\/www.cordobatimes.com\/showup\/wp-content\/uploads\/2022\/09\/Pantallazo-28-09-2022-13.01.31-627x420.jpg\" alt=\"\" width=\"627\" height=\"420\" srcset=\"https:\/\/www.cordobatimes.com\/showup\/wp-content\/uploads\/2022\/09\/Pantallazo-28-09-2022-13.01.31-627x420.jpg 627w, https:\/\/www.cordobatimes.com\/showup\/wp-content\/uploads\/2022\/09\/Pantallazo-28-09-2022-13.01.31-696x466.jpg 696w, https:\/\/www.cordobatimes.com\/showup\/wp-content\/uploads\/2022\/09\/Pantallazo-28-09-2022-13.01.31.jpg 754w\" sizes=\"auto, (max-width: 627px) 100vw, 627px\" \/><\/p>\n","protected":false},"excerpt":{"rendered":"<p>Despu\u00e9s de su paso por Brasil, la banda liderada por Axl Rose sigue el cronograma de la gira y brindar\u00e1 un \u00fanico show en el estadio de River Plate el viernes Los\u00a0Guns N\u2019 Roses\u00a0llegaron a la Argentina el martes por la noche, tras cinco a\u00f1os de ausencia, y ya palpitan su show del viernes en [&hellip;]<\/p>\n","protected":false},"author":1,"featured_media":95643,"comment_status":"closed","ping_status":"closed","sticky":false,"template":"","format":"standard","meta":{"_seopress_robots_primary_cat":"","_seopress_titles_title":"","_seopress_titles_desc":"","_seopress_robots_index":"","footnotes":""},"categories":[5],"tags":[35720,30699,35719],"class_list":{"0":"post-95642","1":"post","2":"type-post","3":"status-publish","4":"format-standard","5":"has-post-thumbnail","7":"category-musica","8":"tag-gira-south-american-tour-2022","9":"tag-guns-n-roses-en-argentina","10":"tag-guns-n-roses-en-argentina-2022"},"_links":{"self":[{"href":"https:\/\/www.cordobatimes.com\/showup\/wp-json\/wp\/v2\/posts\/95642","targetHints":{"allow":["GET"]}}],"collection":[{"href":"https:\/\/www.cordobatimes.com\/showup\/wp-json\/wp\/v2\/posts"}],"about":[{"href":"https:\/\/www.cordobatimes.com\/showup\/wp-json\/wp\/v2\/types\/post"}],"author":[{"embeddable":true,"href":"https:\/\/www.cordobatimes.com\/showup\/wp-json\/wp\/v2\/users\/1"}],"replies":[{"embeddable":true,"href":"https:\/\/www.cordobatimes.com\/showup\/wp-json\/wp\/v2\/comments?post=95642"}],"version-history":[{"count":0,"href":"https:\/\/www.cordobatimes.com\/showup\/wp-json\/wp\/v2\/posts\/95642\/revisions"}],"wp:featuredmedia":[{"embeddable":true,"href":"https:\/\/www.cordobatimes.com\/showup\/wp-json\/wp\/v2\/media\/95643"}],"wp:attachment":[{"href":"https:\/\/www.cordobatimes.com\/showup\/wp-json\/wp\/v2\/media?parent=95642"}],"wp:term":[{"taxonomy":"category","embeddable":true,"href":"https:\/\/www.cordobatimes.com\/showup\/wp-json\/wp\/v2\/categories?post=95642"},{"taxonomy":"post_tag","embeddable":true,"href":"https:\/\/www.cordobatimes.com\/showup\/wp-json\/wp\/v2\/tags?post=95642"}],"curies":[{"name":"wp","href":"https:\/\/api.w.org\/{rel}","templated":true}]}}