{"id":95618,"date":"2022-09-27T10:13:38","date_gmt":"2022-09-27T13:13:38","guid":{"rendered":"https:\/\/www.cordobatimes.com\/showup\/?p=95618"},"modified":"2022-09-27T10:13:38","modified_gmt":"2022-09-27T13:13:38","slug":"argentina-1985-es-la-pelicula-argentina-preseleccionada-para-competir-en-los-premios-oscar","status":"publish","type":"post","link":"https:\/\/www.cordobatimes.com\/showup\/cine-y-series\/2022\/09\/27\/argentina-1985-es-la-pelicula-argentina-preseleccionada-para-competir-en-los-premios-oscar\/","title":{"rendered":"Argentina, 1985 es la pel\u00edcula argentina preseleccionada para competir en los Premios Oscar"},"content":{"rendered":"<h3><strong>La Academia de las Artes y Ciencias Cinematogr\u00e1ficas eligi\u00f3 al film de Santiago Mitre para que compita por un lugar en la categor\u00eda Mejor pel\u00edcula internacional<\/strong><\/h3>\n<p>Argentina, 1985\u00a0es la pel\u00edcula que la\u00a0Academia de las Artes y Ciencias Cinematogr\u00e1ficas de la Argentina\u00a0eligi\u00f3 para que compita por un lugar en la categor\u00eda\u00a0Mejor pel\u00edcula internacional\u00a0de los pr\u00f3ximos\u00a0Premios Oscar. Fue en una ceremonia realizada en el Centro Cultural Kirchner en la noche de este lunes 26. As\u00ed, el film dirigido por\u00a0Santiago Mitre y cuya producci\u00f3n ejecutiva estuvo a cargo de Cindy Teperman y Phin Glynn,\u00a0pujar\u00e1 desde ahora por un lugar en la premiaci\u00f3n de Hollywood. En los cines argentinos se estrena este\u00a0jueves 29 de septiembre.<\/p>\n<p>La pel\u00edcula qued\u00f3 seleccionada para los Oscar despu\u00e9s de que votaran los\u00a0250 miembros del comit\u00e9 de selecci\u00f3n\u00a0de la Academia, quienes eligieron entre pel\u00edculas estrenadas comercialmente entre el\u00a01ro de enero y el 30 de noviembre de este a\u00f1o. Las pel\u00edculas que se postularon para esta votaci\u00f3n fueron\u00a061.<\/p>\n<p>Est\u00e1 protagonizada por\u00a0Ricardo Dar\u00edn\u00a0y\u00a0Peter Lanzani\u00a0-respectivamente en los roles de los fiscales\u00a0Julio C\u00e9sar Strassera\u00a0y\u00a0Luis Moreno Ocampo\u00a0en el juicio a las juntas militares tras la \u00faltima dictadura en Argentina-, viene de ganar el Premio del P\u00fablico en el Festival de San Sebasti\u00e1n en su 70ma. edici\u00f3n. Los cientos de espectadores que observaron el filme le otorgaron una\u00a0puntuaci\u00f3n media de 9,14 puntos sobre 10, una valoraci\u00f3n que la ubica entre los m\u00e1s altos del registro hist\u00f3rico de la competencia en el Pa\u00eds Vasco. Durante la proyecci\u00f3n, los periodistas tambi\u00e9n le entregaron su visto bueno con sendas ovaciones,\u00a0durante el impactante mon\u00f3logo final de Dar\u00edn y a la hora de los cr\u00e9ditos finales.<\/p>\n<p><iframe loading=\"lazy\" title=\"YouTube video player\" src=\"https:\/\/www.youtube.com\/embed\/EDK2FtU5oxg\" width=\"560\" height=\"315\" frameborder=\"0\" allowfullscreen=\"allowfullscreen\"><\/iframe><\/p>\n","protected":false},"excerpt":{"rendered":"<p>La Academia de las Artes y Ciencias Cinematogr\u00e1ficas eligi\u00f3 al film de Santiago Mitre para que compita por un lugar en la categor\u00eda Mejor pel\u00edcula internacional Argentina, 1985\u00a0es la pel\u00edcula que la\u00a0Academia de las Artes y Ciencias Cinematogr\u00e1ficas de la Argentina\u00a0eligi\u00f3 para que compita por un lugar en la categor\u00eda\u00a0Mejor pel\u00edcula internacional\u00a0de los pr\u00f3ximos\u00a0Premios Oscar. [&hellip;]<\/p>\n","protected":false},"author":1,"featured_media":95619,"comment_status":"closed","ping_status":"closed","sticky":false,"template":"","format":"standard","meta":{"_seopress_robots_primary_cat":"","_seopress_titles_title":"","_seopress_titles_desc":"","_seopress_robots_index":"","footnotes":""},"categories":[3],"tags":[35714,35713],"class_list":{"0":"post-95618","1":"post","2":"type-post","3":"status-publish","4":"format-standard","5":"has-post-thumbnail","7":"category-cine-y-series","8":"tag-argentina-1985-mejor-pelicula-internacional","9":"tag-argentina-1985-premios-oscar"},"_links":{"self":[{"href":"https:\/\/www.cordobatimes.com\/showup\/wp-json\/wp\/v2\/posts\/95618","targetHints":{"allow":["GET"]}}],"collection":[{"href":"https:\/\/www.cordobatimes.com\/showup\/wp-json\/wp\/v2\/posts"}],"about":[{"href":"https:\/\/www.cordobatimes.com\/showup\/wp-json\/wp\/v2\/types\/post"}],"author":[{"embeddable":true,"href":"https:\/\/www.cordobatimes.com\/showup\/wp-json\/wp\/v2\/users\/1"}],"replies":[{"embeddable":true,"href":"https:\/\/www.cordobatimes.com\/showup\/wp-json\/wp\/v2\/comments?post=95618"}],"version-history":[{"count":0,"href":"https:\/\/www.cordobatimes.com\/showup\/wp-json\/wp\/v2\/posts\/95618\/revisions"}],"wp:featuredmedia":[{"embeddable":true,"href":"https:\/\/www.cordobatimes.com\/showup\/wp-json\/wp\/v2\/media\/95619"}],"wp:attachment":[{"href":"https:\/\/www.cordobatimes.com\/showup\/wp-json\/wp\/v2\/media?parent=95618"}],"wp:term":[{"taxonomy":"category","embeddable":true,"href":"https:\/\/www.cordobatimes.com\/showup\/wp-json\/wp\/v2\/categories?post=95618"},{"taxonomy":"post_tag","embeddable":true,"href":"https:\/\/www.cordobatimes.com\/showup\/wp-json\/wp\/v2\/tags?post=95618"}],"curies":[{"name":"wp","href":"https:\/\/api.w.org\/{rel}","templated":true}]}}