{"id":95551,"date":"2022-09-24T19:55:58","date_gmt":"2022-09-24T22:55:58","guid":{"rendered":"https:\/\/www.cordobatimes.com\/showup\/?p=95551"},"modified":"2022-09-24T19:55:58","modified_gmt":"2022-09-24T22:55:58","slug":"argentina-1985-gano-el-premio-del-publico-en-san-sebastian","status":"publish","type":"post","link":"https:\/\/www.cordobatimes.com\/showup\/cine-y-series\/2022\/09\/24\/argentina-1985-gano-el-premio-del-publico-en-san-sebastian\/","title":{"rendered":"Argentina, 1985 gan\u00f3 el Premio del P\u00fablico en San Sebasti\u00e1n"},"content":{"rendered":"<h3><strong>Llega firme a la elecci\u00f3n de la candidata nacional al Oscar<\/strong><\/h3>\n<p>Al conquistar este s\u00e1bado el Premio del P\u00fablico en el Festival de San Sebasti\u00e1n,\u00a0Argentina, 1985\u00a0llega de manera inmejorable al momento del anuncio de la pel\u00edcula que representar\u00e1 de manera oficial a nuestro pa\u00eds en la competencia por el Oscar 2022.<\/p>\n<p>La pel\u00edcula de Santiago Mitre, que llegar\u00e1 a los cines de nuestro pa\u00eds el pr\u00f3ximo jueves,\u00a0obtuvo este valorado galard\u00f3n en el Pa\u00eds Vasco, dentro del festival de cine m\u00e1s importante del calendario anual realizado en el mundo hispanoparlante, al imponerse con una puntuaci\u00f3n de 9,14 sobre 10 en las preferencias del p\u00fablico.\u00a0Argentina, 1985\u00a0se impuso a t\u00edtulos como\u00a0Bardo, de Alejandro Gonz\u00e1lez I\u00f1\u00e1rritu;\u00a0Triangle of Sadness,\u00a0de Ruben Ostlund (ganadora de la \u00faltima Palma de Oro en Cannes);\u00a0Tori et Lokita, de los hermanos Dardenne;\u00a0Broker, de Hirokazu Kore-eda, y\u00a0R. M. N., de Christian Mungiu, entre otras, en la competencia de 15 largometrajes que formaron parte de la secci\u00f3n Perlak.<\/p>\n<p>Con este respaldo dentro de una carrera internacional iniciada en la competencia oficial de Venecia y que continuar\u00e1 la semana pr\u00f3xima en el Festival de Zurich,\u00a0Argentina, 1985\u00a0aparece hoy como amplia favorita en las v\u00edsperas de la confirmaci\u00f3n de cu\u00e1l ser\u00e1 la nominada por nuestro pa\u00eds en la b\u00fasqueda del Oscar a la mejor pel\u00edcula internacional.<\/p>\n<p>El anuncio se har\u00e1 este lunes 26, a las 20, en el CCK,\u00a0a partir del veredicto de los 250 miembros del comit\u00e9 de selecci\u00f3n de la Academia de Artes y Ciencias Cinematogr\u00e1ficas de la Argentina. La votaci\u00f3n se inici\u00f3 el 8 de septiembre pasado y finalizar\u00e1 este mismo lunes a las 16, cuatro horas antes del anuncio oficial.<\/p>\n<p>Luego del escrutinio que comenzar\u00e1 el lunes a las 16, el resultado se mantendr\u00e1 en secreto hasta el anuncio oficial previsto en un acto presencial del que participar\u00e1n las autoridades de la Academia, personalidades de la industria local del cine y la prensa especializada. El nombre de la pel\u00edcula elegida solo ser\u00e1 conocido durante ese lapso por el presidente de la Academia del Cine de la Argentina, el productor Hern\u00e1n Findling, y el escribano encargado de fiscalizar el acto.<\/p>\n","protected":false},"excerpt":{"rendered":"<p>Llega firme a la elecci\u00f3n de la candidata nacional al Oscar Al conquistar este s\u00e1bado el Premio del P\u00fablico en el Festival de San Sebasti\u00e1n,\u00a0Argentina, 1985\u00a0llega de manera inmejorable al momento del anuncio de la pel\u00edcula que representar\u00e1 de manera oficial a nuestro pa\u00eds en la competencia por el Oscar 2022. La pel\u00edcula de Santiago [&hellip;]<\/p>\n","protected":false},"author":1,"featured_media":95552,"comment_status":"closed","ping_status":"closed","sticky":false,"template":"","format":"standard","meta":{"_seopress_robots_primary_cat":"","_seopress_titles_title":"","_seopress_titles_desc":"","_seopress_robots_index":"","footnotes":""},"categories":[3],"tags":[35692,35691],"class_list":{"0":"post-95551","1":"post","2":"type-post","3":"status-publish","4":"format-standard","5":"has-post-thumbnail","7":"category-cine-y-series","8":"tag-argentina-1985-festival-de-san-sebastian","9":"tag-argentina-1985-gano-el-premio-del-publico"},"_links":{"self":[{"href":"https:\/\/www.cordobatimes.com\/showup\/wp-json\/wp\/v2\/posts\/95551","targetHints":{"allow":["GET"]}}],"collection":[{"href":"https:\/\/www.cordobatimes.com\/showup\/wp-json\/wp\/v2\/posts"}],"about":[{"href":"https:\/\/www.cordobatimes.com\/showup\/wp-json\/wp\/v2\/types\/post"}],"author":[{"embeddable":true,"href":"https:\/\/www.cordobatimes.com\/showup\/wp-json\/wp\/v2\/users\/1"}],"replies":[{"embeddable":true,"href":"https:\/\/www.cordobatimes.com\/showup\/wp-json\/wp\/v2\/comments?post=95551"}],"version-history":[{"count":0,"href":"https:\/\/www.cordobatimes.com\/showup\/wp-json\/wp\/v2\/posts\/95551\/revisions"}],"wp:featuredmedia":[{"embeddable":true,"href":"https:\/\/www.cordobatimes.com\/showup\/wp-json\/wp\/v2\/media\/95552"}],"wp:attachment":[{"href":"https:\/\/www.cordobatimes.com\/showup\/wp-json\/wp\/v2\/media?parent=95551"}],"wp:term":[{"taxonomy":"category","embeddable":true,"href":"https:\/\/www.cordobatimes.com\/showup\/wp-json\/wp\/v2\/categories?post=95551"},{"taxonomy":"post_tag","embeddable":true,"href":"https:\/\/www.cordobatimes.com\/showup\/wp-json\/wp\/v2\/tags?post=95551"}],"curies":[{"name":"wp","href":"https:\/\/api.w.org\/{rel}","templated":true}]}}