{"id":95540,"date":"2022-09-24T18:53:22","date_gmt":"2022-09-24T21:53:22","guid":{"rendered":"https:\/\/www.cordobatimes.com\/showup\/?p=95540"},"modified":"2022-09-24T18:53:22","modified_gmt":"2022-09-24T21:53:22","slug":"nuevas-imagenes-de-el-amor-despues-del-amor-la-serie-biografica-de-fito-paez","status":"publish","type":"post","link":"https:\/\/www.cordobatimes.com\/showup\/cine-y-series\/2022\/09\/24\/nuevas-imagenes-de-el-amor-despues-del-amor-la-serie-biografica-de-fito-paez\/","title":{"rendered":"Nuevas im\u00e1genes de \u201cEl amor despu\u00e9s del amor\u201d, la serie biogr\u00e1fica de Fito P\u00e1ez"},"content":{"rendered":"<h3><strong>TUDUM ofreci\u00f3 un vistazo exclusivo a la producci\u00f3n basada en la vida del cantante argentino.<\/strong><\/h3>\n<p>La nueva bioserie basada en la vida de Rodolfo P\u00e1ez (llamado igual que su padre), m\u00e1s conocido como\u00a0Fito P\u00e1ez, uno de los s\u00edmbolos musicales m\u00e1s relevantes del rock latinoamericano con m\u00e1s de 30 a\u00f1os de \u00e9xitos, llegar\u00e1 a\u00a0Netflix. En el marco de\u00a0TUDUM, el evento organizado por el gigante\u00a0streaming, se dejaron ver un adelanto exclusivo de im\u00e1genes de\u00a0El amor despu\u00e9s del amor.<\/p>\n<p>La producci\u00f3n filmada en Argentina cuenta con la producci\u00f3n de Mandarina Contenidos y la direcci\u00f3n de Felipe G\u00f3mez Aparicio (El perfecto David) y Gonzalo Tobal (Acosada). Por su parte, Kolodziej figura como showrunner. \u201cDe la oscuridad a la creaci\u00f3n, y del \u00e9xito al dolor, El amor despu\u00e9s del amor mostrar\u00e1 la aventura de un \u00edcono que ha sobrevivido a s\u00ed mismo, a trav\u00e9s de un recorrido de 30 a\u00f1os, atravesada por la genialidad y la tragedia, \u00e9xitos, fracasos, excesos, amores y canciones\u201d, dice la sinopsis oficial.<\/p>\n<p><img alt=\"\" loading=\"lazy\" decoding=\"async\" class=\"alignnone size-full wp-image-95542\" src=\"https:\/\/www.cordobatimes.com\/showup\/wp-content\/uploads\/2022\/09\/Pantallazo-24-09-2022-18.43.02.jpg\" alt=\"\" width=\"747\" height=\"419\" srcset=\"https:\/\/www.cordobatimes.com\/showup\/wp-content\/uploads\/2022\/09\/Pantallazo-24-09-2022-18.43.02.jpg 747w, https:\/\/www.cordobatimes.com\/showup\/wp-content\/uploads\/2022\/09\/Pantallazo-24-09-2022-18.43.02-696x390.jpg 696w\" sizes=\"auto, (max-width: 747px) 100vw, 747px\" \/><\/p>\n<p><img alt=\"\" loading=\"lazy\" decoding=\"async\" class=\"alignnone size-medium wp-image-95543\" src=\"https:\/\/www.cordobatimes.com\/showup\/wp-content\/uploads\/2022\/09\/Pantallazo-24-09-2022-18.44.01-747x420.jpg\" alt=\"\" width=\"747\" height=\"420\" srcset=\"https:\/\/www.cordobatimes.com\/showup\/wp-content\/uploads\/2022\/09\/Pantallazo-24-09-2022-18.44.01-747x420.jpg 747w, https:\/\/www.cordobatimes.com\/showup\/wp-content\/uploads\/2022\/09\/Pantallazo-24-09-2022-18.44.01-696x391.jpg 696w, https:\/\/www.cordobatimes.com\/showup\/wp-content\/uploads\/2022\/09\/Pantallazo-24-09-2022-18.44.01.jpg 751w\" sizes=\"auto, (max-width: 747px) 100vw, 747px\" \/><\/p>\n<p><img alt=\"\" loading=\"lazy\" decoding=\"async\" class=\"alignnone size-medium wp-image-95544\" src=\"https:\/\/www.cordobatimes.com\/showup\/wp-content\/uploads\/2022\/09\/Pantallazo-24-09-2022-18.44.58-750x411.jpg\" alt=\"\" width=\"750\" height=\"411\" srcset=\"https:\/\/www.cordobatimes.com\/showup\/wp-content\/uploads\/2022\/09\/Pantallazo-24-09-2022-18.44.58-750x411.jpg 750w, https:\/\/www.cordobatimes.com\/showup\/wp-content\/uploads\/2022\/09\/Pantallazo-24-09-2022-18.44.58-696x382.jpg 696w, https:\/\/www.cordobatimes.com\/showup\/wp-content\/uploads\/2022\/09\/Pantallazo-24-09-2022-18.44.58.jpg 755w\" sizes=\"auto, (max-width: 750px) 100vw, 750px\" \/><\/p>\n<p>Iv\u00e1n Hochman\u00a0personifica al m\u00fasico en su edad adulta joven y\u00a0Gaspar Offenhenden\u00a0caracteriza al m\u00fasico argentino de ni\u00f1o. A ellos los acompa\u00f1an\u00a0Micaela Riera\u00a0(Una pareja dispareja)\u00a0como Fabiana Cantilo,\u00a0Andy Chango\u00a0(Como alas al viento)\u00a0como Charly Garc\u00eda,\u00a0Juli\u00e1n Kartun\u00a0(Sandro de Am\u00e9rica)\u00a0como Luis Alberto Spinetta,\u00a0Jean Pierre Noher\u00a0(Maradona: sue\u00f1o bendito)\u00a0como Andr\u00e9 Midani,\u00a0Daryna Butryk\u00a0(Lo inevitable)\u00a0como Cecilia Roth,\u00a0Dante Bruni\u00a0como Federico Moura,\u00a0Pablo Turturiello\u00a0(Los impresentables)\u00a0como Marcelo Moura,\u00a0Tom\u00e1s Raimondi\u00a0(Cartero)\u00a0como Julio Moura y\u00a0Charlie Anderle\u00a0como I\u00f1igo Zabala.<\/p>\n<p>Por otro lado,\u00a0Juan Pablo Kolodziej\u00a0y\u00a0Mariano Chihade\u00a0producen este proyecto junto al propio\u00a0Fito\u00a0P\u00e1ez,\u00a0quien espera que esta propuesta del g\u00e9nero biogr\u00e1fico atraviese el coraz\u00f3n del p\u00fablico en el \u00e1mbito m\u00e1s \u00edntimo de uno de los mayores exponentes del rock en espa\u00f1ol y en Latinoam\u00e9rica.<\/p>\n<p><img alt=\"\" loading=\"lazy\" decoding=\"async\" class=\"alignnone size-medium wp-image-95545\" src=\"https:\/\/www.cordobatimes.com\/showup\/wp-content\/uploads\/2022\/09\/Pantallazo-24-09-2022-18.48.38-750x412.jpg\" alt=\"\" width=\"750\" height=\"412\" srcset=\"https:\/\/www.cordobatimes.com\/showup\/wp-content\/uploads\/2022\/09\/Pantallazo-24-09-2022-18.48.38-750x412.jpg 750w, https:\/\/www.cordobatimes.com\/showup\/wp-content\/uploads\/2022\/09\/Pantallazo-24-09-2022-18.48.38-696x382.jpg 696w, https:\/\/www.cordobatimes.com\/showup\/wp-content\/uploads\/2022\/09\/Pantallazo-24-09-2022-18.48.38.jpg 754w\" sizes=\"auto, (max-width: 750px) 100vw, 750px\" \/> <img alt=\"\" loading=\"lazy\" decoding=\"async\" class=\"alignnone size-medium wp-image-95546\" src=\"https:\/\/www.cordobatimes.com\/showup\/wp-content\/uploads\/2022\/09\/Pantallazo-24-09-2022-18.49.02-750x420.jpg\" alt=\"\" width=\"750\" height=\"420\" srcset=\"https:\/\/www.cordobatimes.com\/showup\/wp-content\/uploads\/2022\/09\/Pantallazo-24-09-2022-18.49.02-750x420.jpg 750w, https:\/\/www.cordobatimes.com\/showup\/wp-content\/uploads\/2022\/09\/Pantallazo-24-09-2022-18.49.02-751x420.jpg 751w, https:\/\/www.cordobatimes.com\/showup\/wp-content\/uploads\/2022\/09\/Pantallazo-24-09-2022-18.49.02-696x389.jpg 696w, https:\/\/www.cordobatimes.com\/showup\/wp-content\/uploads\/2022\/09\/Pantallazo-24-09-2022-18.49.02.jpg 753w\" sizes=\"auto, (max-width: 750px) 100vw, 750px\" \/><\/p>\n<p>El amor despu\u00e9s del amor, hace referencia al s\u00e9ptimo \u00e1lbum de estudio hom\u00f3nimo del m\u00fasico, lanzado en 1992. De igual manera, es el nombre del primer tema de dicho trabajo discogr\u00e1fico, el cual se convirti\u00f3 es\u00a0uno de los temas m\u00e1s famosos de su carrera. Este, naci\u00f3n de la inspiraci\u00f3n que le origin\u00f3 su romance con\u00a0Cecilia Roth.<\/p>\n<p>P\u00e1ez y Roth se conocieron en 1991 y tiempo despu\u00e9s, una noche en la casa de ella \u00e9l encendi\u00f3 un cigarro, se sent\u00f3 en un piano y cre\u00f3 la hoy hoy majestuosa canci\u00f3n. Desde su lanzamiento\u00a0El amor despu\u00e9s del amor\u00a0se convirti\u00f3 en el disco larga duraci\u00f3n m\u00e1s vendido en la historia de la m\u00fasica popular de Argentina y tambi\u00e9n entre los diez discos de larga duraci\u00f3n argentinos m\u00e1s vendidos en el mundo.<\/p>\n<p><img alt=\"\" loading=\"lazy\" decoding=\"async\" class=\"alignnone size-medium wp-image-95547\" src=\"https:\/\/www.cordobatimes.com\/showup\/wp-content\/uploads\/2022\/09\/Pantallazo-24-09-2022-18.49.36-702x420.jpg\" alt=\"\" width=\"702\" height=\"420\" srcset=\"https:\/\/www.cordobatimes.com\/showup\/wp-content\/uploads\/2022\/09\/Pantallazo-24-09-2022-18.49.36-702x420.jpg 702w, https:\/\/www.cordobatimes.com\/showup\/wp-content\/uploads\/2022\/09\/Pantallazo-24-09-2022-18.49.36-696x416.jpg 696w, https:\/\/www.cordobatimes.com\/showup\/wp-content\/uploads\/2022\/09\/Pantallazo-24-09-2022-18.49.36.jpg 757w\" sizes=\"auto, (max-width: 702px) 100vw, 702px\" \/> <img alt=\"\" loading=\"lazy\" decoding=\"async\" class=\"alignnone size-medium wp-image-95548\" src=\"https:\/\/www.cordobatimes.com\/showup\/wp-content\/uploads\/2022\/09\/Pantallazo-24-09-2022-18.49.19-748x420.jpg\" alt=\"\" width=\"748\" height=\"420\" srcset=\"https:\/\/www.cordobatimes.com\/showup\/wp-content\/uploads\/2022\/09\/Pantallazo-24-09-2022-18.49.19-748x420.jpg 748w, https:\/\/www.cordobatimes.com\/showup\/wp-content\/uploads\/2022\/09\/Pantallazo-24-09-2022-18.49.19-696x391.jpg 696w, https:\/\/www.cordobatimes.com\/showup\/wp-content\/uploads\/2022\/09\/Pantallazo-24-09-2022-18.49.19.jpg 752w\" sizes=\"auto, (max-width: 748px) 100vw, 748px\" \/><\/p>\n","protected":false},"excerpt":{"rendered":"<p>TUDUM ofreci\u00f3 un vistazo exclusivo a la producci\u00f3n basada en la vida del cantante argentino. La nueva bioserie basada en la vida de Rodolfo P\u00e1ez (llamado igual que su padre), m\u00e1s conocido como\u00a0Fito P\u00e1ez, uno de los s\u00edmbolos musicales m\u00e1s relevantes del rock latinoamericano con m\u00e1s de 30 a\u00f1os de \u00e9xitos, llegar\u00e1 a\u00a0Netflix. En el [&hellip;]<\/p>\n","protected":false},"author":1,"featured_media":95541,"comment_status":"closed","ping_status":"closed","sticky":false,"template":"","format":"standard","meta":{"_seopress_robots_primary_cat":"","_seopress_titles_title":"","_seopress_titles_desc":"","_seopress_robots_index":"","footnotes":""},"categories":[3],"tags":[35690,35689],"class_list":{"0":"post-95540","1":"post","2":"type-post","3":"status-publish","4":"format-standard","5":"has-post-thumbnail","7":"category-cine-y-series","8":"tag-el-amor-despues-del-amor-la-serie-biografica-de-fito-paez","9":"tag-serie-biografica-de-fito-paez"},"_links":{"self":[{"href":"https:\/\/www.cordobatimes.com\/showup\/wp-json\/wp\/v2\/posts\/95540","targetHints":{"allow":["GET"]}}],"collection":[{"href":"https:\/\/www.cordobatimes.com\/showup\/wp-json\/wp\/v2\/posts"}],"about":[{"href":"https:\/\/www.cordobatimes.com\/showup\/wp-json\/wp\/v2\/types\/post"}],"author":[{"embeddable":true,"href":"https:\/\/www.cordobatimes.com\/showup\/wp-json\/wp\/v2\/users\/1"}],"replies":[{"embeddable":true,"href":"https:\/\/www.cordobatimes.com\/showup\/wp-json\/wp\/v2\/comments?post=95540"}],"version-history":[{"count":0,"href":"https:\/\/www.cordobatimes.com\/showup\/wp-json\/wp\/v2\/posts\/95540\/revisions"}],"wp:featuredmedia":[{"embeddable":true,"href":"https:\/\/www.cordobatimes.com\/showup\/wp-json\/wp\/v2\/media\/95541"}],"wp:attachment":[{"href":"https:\/\/www.cordobatimes.com\/showup\/wp-json\/wp\/v2\/media?parent=95540"}],"wp:term":[{"taxonomy":"category","embeddable":true,"href":"https:\/\/www.cordobatimes.com\/showup\/wp-json\/wp\/v2\/categories?post=95540"},{"taxonomy":"post_tag","embeddable":true,"href":"https:\/\/www.cordobatimes.com\/showup\/wp-json\/wp\/v2\/tags?post=95540"}],"curies":[{"name":"wp","href":"https:\/\/api.w.org\/{rel}","templated":true}]}}