{"id":95535,"date":"2022-09-23T11:18:14","date_gmt":"2022-09-23T14:18:14","guid":{"rendered":"https:\/\/www.cordobatimes.com\/showup\/?p=95535"},"modified":"2022-09-23T11:18:14","modified_gmt":"2022-09-23T14:18:14","slug":"wanda-nara-confirmo-su-separacion-de-mauro-icardi","status":"publish","type":"post","link":"https:\/\/www.cordobatimes.com\/showup\/famosos\/2022\/09\/23\/wanda-nara-confirmo-su-separacion-de-mauro-icardi\/","title":{"rendered":"Wanda Nara confirm\u00f3 su separaci\u00f3n de Mauro Icardi"},"content":{"rendered":"<h3><strong>Wanda dio a conocer la noticia con una publicaci\u00f3n en sus redes sociales<\/strong><\/h3>\n<p>Luego de unos cuantos rumores desmentidos por ambas partes, Wanda Nara y Mauro Icardi se separaron despu\u00e9s de nueve a\u00f1os de matrimonio y dos hijas en com\u00fan, Francesca e Isabella. Fue la empresaria la que lo inform\u00f3 en la tarde del jueves mediante un escueto comunicado en sus redes sociales.<\/p>\n<p>\u201cMe resulta muy doloroso vivir este momento\u00a0pero dada mi exposici\u00f3n y las cosas que est\u00e1n trascendiendo y las especulaciones medi\u00e1ticas es preferible que lo sepan por m\u00ed.\u00a0No tengo m\u00e1s nada que aclarar y no voy a dar ning\u00fan tipo de detalle sobre esta separaci\u00f3n. Por favor pido puedan entender no solo por m\u00ed, tambi\u00e9n por nuestros hijos\u201d, escribi\u00f3 acompa\u00f1ado de su firma: \u201cWanda\u201d.<\/p>\n<p><img alt=\"\" loading=\"lazy\" decoding=\"async\" class=\"alignnone wp-image-95537 size-full\" src=\"https:\/\/www.cordobatimes.com\/showup\/wp-content\/uploads\/2022\/09\/Pantallazo-23-09-2022-11.09.11.jpg\" alt=\"\" width=\"532\" height=\"736\" srcset=\"https:\/\/www.cordobatimes.com\/showup\/wp-content\/uploads\/2022\/09\/Pantallazo-23-09-2022-11.09.11.jpg 532w, https:\/\/www.cordobatimes.com\/showup\/wp-content\/uploads\/2022\/09\/Pantallazo-23-09-2022-11.09.11-304x420.jpg 304w\" sizes=\"auto, (max-width: 532px) 100vw, 532px\" \/><\/p>\n","protected":false},"excerpt":{"rendered":"<p>Wanda dio a conocer la noticia con una publicaci\u00f3n en sus redes sociales Luego de unos cuantos rumores desmentidos por ambas partes, Wanda Nara y Mauro Icardi se separaron despu\u00e9s de nueve a\u00f1os de matrimonio y dos hijas en com\u00fan, Francesca e Isabella. Fue la empresaria la que lo inform\u00f3 en la tarde del jueves [&hellip;]<\/p>\n","protected":false},"author":1,"featured_media":95536,"comment_status":"closed","ping_status":"closed","sticky":false,"template":"","format":"standard","meta":{"_seopress_robots_primary_cat":"","_seopress_titles_title":"","_seopress_titles_desc":"","_seopress_robots_index":"","footnotes":""},"categories":[4],"tags":[33574,24700],"class_list":{"0":"post-95535","1":"post","2":"type-post","3":"status-publish","4":"format-standard","5":"has-post-thumbnail","7":"category-famosos","8":"tag-separacion-de-wanda-nara-y-mauro-icardi","9":"tag-wanda-nara-y-mauro-icardi"},"_links":{"self":[{"href":"https:\/\/www.cordobatimes.com\/showup\/wp-json\/wp\/v2\/posts\/95535","targetHints":{"allow":["GET"]}}],"collection":[{"href":"https:\/\/www.cordobatimes.com\/showup\/wp-json\/wp\/v2\/posts"}],"about":[{"href":"https:\/\/www.cordobatimes.com\/showup\/wp-json\/wp\/v2\/types\/post"}],"author":[{"embeddable":true,"href":"https:\/\/www.cordobatimes.com\/showup\/wp-json\/wp\/v2\/users\/1"}],"replies":[{"embeddable":true,"href":"https:\/\/www.cordobatimes.com\/showup\/wp-json\/wp\/v2\/comments?post=95535"}],"version-history":[{"count":0,"href":"https:\/\/www.cordobatimes.com\/showup\/wp-json\/wp\/v2\/posts\/95535\/revisions"}],"wp:featuredmedia":[{"embeddable":true,"href":"https:\/\/www.cordobatimes.com\/showup\/wp-json\/wp\/v2\/media\/95536"}],"wp:attachment":[{"href":"https:\/\/www.cordobatimes.com\/showup\/wp-json\/wp\/v2\/media?parent=95535"}],"wp:term":[{"taxonomy":"category","embeddable":true,"href":"https:\/\/www.cordobatimes.com\/showup\/wp-json\/wp\/v2\/categories?post=95535"},{"taxonomy":"post_tag","embeddable":true,"href":"https:\/\/www.cordobatimes.com\/showup\/wp-json\/wp\/v2\/tags?post=95535"}],"curies":[{"name":"wp","href":"https:\/\/api.w.org\/{rel}","templated":true}]}}