{"id":95491,"date":"2022-09-17T15:33:39","date_gmt":"2022-09-17T18:33:39","guid":{"rendered":"https:\/\/www.cordobatimes.com\/showup\/?p=95491"},"modified":"2022-09-17T15:34:51","modified_gmt":"2022-09-17T18:34:51","slug":"dua-lipa-encantada-con-el-vino-argentino-cuales-eligio-y-cuanto-cuestan","status":"publish","type":"post","link":"https:\/\/www.cordobatimes.com\/showup\/famosos\/2022\/09\/17\/dua-lipa-encantada-con-el-vino-argentino-cuales-eligio-y-cuanto-cuestan\/","title":{"rendered":"Dua Lipa encantada con el vino argentino: cu\u00e1les eligi\u00f3 y cu\u00e1nto cuestan"},"content":{"rendered":"<h3 class=\"h3 col-12 md-col-8 font-src bold black-3  mb1\"><strong>La cantante brit\u00e1nica brind\u00f3 con algunas etiquetas de nuestro pa\u00eds luego de sus dos exitosos shows en Buenos Aires.<\/strong><\/h3>\n<div class=\"story-author flex\">De que el vino es una de las bebidas favoritas de\u00a0<b>Dua Lipa<\/b>\u00a0no quedan dudas. As\u00ed como hace unos d\u00edas\u00a0mostr\u00f3 su rosado favorito, ahora\u00a0<b>elogi\u00f3 la calidad de los\u00a0<\/b><b>vinos<\/b><b>\u00a0argentinos<\/b>. Adem\u00e1s, la cantante brit\u00e1nica decidi\u00f3 celebrar el \u00e9xito de sus shows en Buenos Aires con algunas etiquetas de nuestro pa\u00eds.<\/p>\n<\/div>\n<div>\n<p>As\u00ed como en la previa estuvo\u00a0recorriendo algunos lugares ic\u00f3nicos\u00a0de la capital de nuestro pa\u00eds, despu\u00e9s de sus presentaciones en el Campo Argentino de Polo, la artista nacida en Londres comparti\u00f3 en su cuenta de Instagram, donde tiene m\u00e1s de 86,3 millones de seguidores, una serie de fotograf\u00edas de su \u00faltima noche en la ciudad.<\/p>\n<p>\u201c<b>Buena comida, buen vino, buenos recuerdos, gracias Buenos Aires<\/b>\u201d, escribi\u00f3 junto a la secuencia donde se mostr\u00f3 comiendo pizza, viajando en auto y tomando algunas copas de vino, algo que en pocas horas super\u00f3 el mill\u00f3n de likes.<\/p>\n<p><img alt=\"\" loading=\"lazy\" decoding=\"async\" class=\"alignnone size-full wp-image-95492\" src=\"https:\/\/www.cordobatimes.com\/showup\/wp-content\/uploads\/2022\/09\/GVNE77UCF5EIJOPWV4GP4YRZQU.jpeg\" alt=\"\" width=\"1023\" height=\"1022\" srcset=\"https:\/\/www.cordobatimes.com\/showup\/wp-content\/uploads\/2022\/09\/GVNE77UCF5EIJOPWV4GP4YRZQU.jpeg 1023w, https:\/\/www.cordobatimes.com\/showup\/wp-content\/uploads\/2022\/09\/GVNE77UCF5EIJOPWV4GP4YRZQU-420x420.jpeg 420w, https:\/\/www.cordobatimes.com\/showup\/wp-content\/uploads\/2022\/09\/GVNE77UCF5EIJOPWV4GP4YRZQU-768x767.jpeg 768w, https:\/\/www.cordobatimes.com\/showup\/wp-content\/uploads\/2022\/09\/GVNE77UCF5EIJOPWV4GP4YRZQU-696x695.jpeg 696w\" sizes=\"auto, (max-width: 1023px) 100vw, 1023px\" \/><\/p>\n<h2 class=\"\">Qu\u00e9 vinos argentinos eligi\u00f3 Dua Lipa<\/h2>\n<p>Si bien la artista de 27 a\u00f1os no mostr\u00f3 cu\u00e1l fue la etiqueta que marid\u00f3 con la pizza porte\u00f1a, s\u00ed se pudo ver que era un tinto. Adem\u00e1s, en una de las fotos mostr\u00f3 algunas botellas donde se pueden distinguir algunos<b>\u00a0vinos de Mendoza, San Juan, R\u00edo Negro y otras partes del pa\u00eds<\/b>.<\/p>\n<p>Uno de los primeros que se puede ver en la fotograf\u00eda es el\u00a0<b>Barda Pinot Noir de Chacra<\/b>, con un precio de\u00a0<b>$9.900<\/b>. Tambi\u00e9n aparece un ejemplar de Luj\u00e1n de Cuyo, espec\u00edficamente el\u00a0<b>Proyecto Las Compuertas de Durigutti, a $3.500<\/b>.<\/p>\n<p>Tambi\u00e9n de la vitivinicultura mendocina, aparecen el\u00a0<b>Philippe Caraguel Extra Brut Blanco y\u00a0<\/b>el\u00a0<b>Philippe Caraguel Extra Brut Ros\u00e9,<\/b>\u00a0ambos elaborados por el Director y En\u00f3logo de Bodega Atamisque en su proyecto personal. El precio para estos ejemplares es de $3.100.<\/p>\n<p>De la provincia de San Juan se pueden ver dos vinos de\u00a0<b>Cara Sur, Moscatel Tinto y Criolla Chica<\/b>, ambos a<b>\u00a0$5.500<\/b>\u00a0cada uno. Otro de los vinos de Mendoza que se muestran en la foto de Dua Lipa es el<b>\u00a0Pet Nat de Alpamanta<\/b>, a un precio de\u00a0<b>$4.700\u00a0<\/b>por botella.<\/p>\n<\/div>\n","protected":false},"excerpt":{"rendered":"<p>La cantante brit\u00e1nica brind\u00f3 con algunas etiquetas de nuestro pa\u00eds luego de sus dos exitosos shows en Buenos Aires. De que el vino es una de las bebidas favoritas de\u00a0Dua Lipa\u00a0no quedan dudas. As\u00ed como hace unos d\u00edas\u00a0mostr\u00f3 su rosado favorito, ahora\u00a0elogi\u00f3 la calidad de los\u00a0vinos\u00a0argentinos. Adem\u00e1s, la cantante brit\u00e1nica decidi\u00f3 celebrar el \u00e9xito de [&hellip;]<\/p>\n","protected":false},"author":1,"featured_media":95493,"comment_status":"closed","ping_status":"closed","sticky":false,"template":"","format":"standard","meta":{"_seopress_robots_primary_cat":"","_seopress_titles_title":"","_seopress_titles_desc":"","_seopress_robots_index":"","footnotes":""},"categories":[4],"tags":[33907,35674],"class_list":{"0":"post-95491","1":"post","2":"type-post","3":"status-publish","4":"format-standard","5":"has-post-thumbnail","7":"category-famosos","8":"tag-dua-lipa-en-argentina","9":"tag-vinos-que-le-gusto-a-dua-lipa-en-argentina"},"_links":{"self":[{"href":"https:\/\/www.cordobatimes.com\/showup\/wp-json\/wp\/v2\/posts\/95491","targetHints":{"allow":["GET"]}}],"collection":[{"href":"https:\/\/www.cordobatimes.com\/showup\/wp-json\/wp\/v2\/posts"}],"about":[{"href":"https:\/\/www.cordobatimes.com\/showup\/wp-json\/wp\/v2\/types\/post"}],"author":[{"embeddable":true,"href":"https:\/\/www.cordobatimes.com\/showup\/wp-json\/wp\/v2\/users\/1"}],"replies":[{"embeddable":true,"href":"https:\/\/www.cordobatimes.com\/showup\/wp-json\/wp\/v2\/comments?post=95491"}],"version-history":[{"count":0,"href":"https:\/\/www.cordobatimes.com\/showup\/wp-json\/wp\/v2\/posts\/95491\/revisions"}],"wp:featuredmedia":[{"embeddable":true,"href":"https:\/\/www.cordobatimes.com\/showup\/wp-json\/wp\/v2\/media\/95493"}],"wp:attachment":[{"href":"https:\/\/www.cordobatimes.com\/showup\/wp-json\/wp\/v2\/media?parent=95491"}],"wp:term":[{"taxonomy":"category","embeddable":true,"href":"https:\/\/www.cordobatimes.com\/showup\/wp-json\/wp\/v2\/categories?post=95491"},{"taxonomy":"post_tag","embeddable":true,"href":"https:\/\/www.cordobatimes.com\/showup\/wp-json\/wp\/v2\/tags?post=95491"}],"curies":[{"name":"wp","href":"https:\/\/api.w.org\/{rel}","templated":true}]}}