{"id":95467,"date":"2022-09-07T09:56:39","date_gmt":"2022-09-07T12:56:39","guid":{"rendered":"https:\/\/www.cordobatimes.com\/showup\/?p=95467"},"modified":"2022-09-07T09:56:39","modified_gmt":"2022-09-07T12:56:39","slug":"nirvana-gana-el-juicio-contra-spencer-elden-por-la-tapa-de-nevermind","status":"publish","type":"post","link":"https:\/\/www.cordobatimes.com\/showup\/musica\/2022\/09\/07\/nirvana-gana-el-juicio-contra-spencer-elden-por-la-tapa-de-nevermind\/","title":{"rendered":"Nirvana gana el juicio contra Spencer Elden por la tapa de Nevermind"},"content":{"rendered":"<h3><strong>La famosa tapa del \u00e1lbum Nervemind fue protagonista de un esc\u00e1ndalo. Desde hace un tiempo, Spencer Elden demostr\u00f3 su enojo con Nirvana y hasta decidi\u00f3 presentar una demanda.<\/strong><\/h3>\n<p>Cuando hablamos de\u00a0Nirvana, es imposible no pensar en los grandes \u00e9xitos que alcanz\u00f3. Aunque la banda se disolvi\u00f3 hace much\u00edsimos a\u00f1os, contin\u00faa siendo uno de los grupos musicales m\u00e1s aclamados y aplaudidos por el p\u00fablico.<\/p>\n<p>Consigui\u00f3 millones de fan\u00e1ticos de todas las edades y en todas partes del mundo. Entre ellos, se encontraba\u00a0Spencer Elden, quien tuvo la oportunidad de ser el protagonista de la tapa del famoso \u00e1lbum\u00a0Nevermind. Aunque durante mucho tiempo estuvo orgulloso de dicho logro, de un momento a otro decidi\u00f3 presentar una demanda.<\/p>\n<p>El protagonista del disco hab\u00eda acusado a la banda de pornograf\u00eda infantil. De esta manera, ped\u00eda una indemnizaci\u00f3n de 150 mil d\u00f3lares por da\u00f1os y perjuicios. \u00abLos acusados promocionaron pornograf\u00eda infantil de Spencer de manera intencional y comercial e hicieron uso de la impactante naturaleza de su imagen para promocionarse a s\u00ed mismos y su m\u00fasica a costa de Spencer\u00bb, aseguraba la demanda.<\/p>\n<p>Despu\u00e9s de haberse enfrentado durante varios meses, finalmente\u00a0Nirvana se convirti\u00f3 en el ganador. De acuerdo con el medio Independent, un juez de Los \u00c1ngeles decidi\u00f3 desestimar dicha acusaci\u00f3n y asegur\u00f3 que\u00a0Spencer Elden\u00a0\u201cesper\u00f3 demasiado\u201c para reclamar. Ya que se quej\u00f3 m\u00e1s de 10 a\u00f1os despu\u00e9s de tener consciencia de la portada que protagoniz\u00f3.<\/p>\n<p>Dicha\u00a0demanda\u00a0fue presentada contra los miembros restantes del grupo, los herederos del mismo, productores y tambi\u00e9n contra el fot\u00f3grafo que realiz\u00f3 la sesi\u00f3n. Esta fue la tercera versi\u00f3n de la demanda, pero el rechazo del juez evita que el muchacho pueda presentar una cuarta.<\/p>\n<p>La primera vez que comenz\u00f3 este esc\u00e1ndalo, la audiencia qued\u00f3 sorprendida ante el enojo de Spencer. Principalmente, porque el muchacho sol\u00eda mostrarse muy feliz con la fotograf\u00eda que hab\u00eda realizado de beb\u00e9 y de haber formado parte de la historia de la banda. Tal es as\u00ed, que en varias oportunidades recre\u00f3 la famosa imagen.<\/p>\n<p><img alt=\"\" loading=\"lazy\" decoding=\"async\" class=\"alignnone size-medium wp-image-95469\" src=\"https:\/\/www.cordobatimes.com\/showup\/wp-content\/uploads\/2022\/09\/Pantallazo-07-09-2022-09.44.18-701x420.jpg\" alt=\"\" width=\"701\" height=\"420\" srcset=\"https:\/\/www.cordobatimes.com\/showup\/wp-content\/uploads\/2022\/09\/Pantallazo-07-09-2022-09.44.18-701x420.jpg 701w, https:\/\/www.cordobatimes.com\/showup\/wp-content\/uploads\/2022\/09\/Pantallazo-07-09-2022-09.44.18-768x460.jpg 768w, https:\/\/www.cordobatimes.com\/showup\/wp-content\/uploads\/2022\/09\/Pantallazo-07-09-2022-09.44.18-696x417.jpg 696w, https:\/\/www.cordobatimes.com\/showup\/wp-content\/uploads\/2022\/09\/Pantallazo-07-09-2022-09.44.18.jpg 958w\" sizes=\"auto, (max-width: 701px) 100vw, 701px\" \/><\/p>\n<p>Adem\u00e1s de recrear la fotograf\u00eda en su propio hogar, el joven tambi\u00e9n rehizo la portada para la revista Rolling Stone por el d\u00e9cimo aniversario del \u00e1lbum. Sin embargo, parece que ya no disfruta ser conocido como \u201cel beb\u00e9 del \u00e1lbum de\u00a0Nirvana\u201c. Al internar dejar atr\u00e1s su pasado, el muchacho se enfoca en su carrera como modelo y artista callejero.<\/p>\n","protected":false},"excerpt":{"rendered":"<p>La famosa tapa del \u00e1lbum Nervemind fue protagonista de un esc\u00e1ndalo. Desde hace un tiempo, Spencer Elden demostr\u00f3 su enojo con Nirvana y hasta decidi\u00f3 presentar una demanda. Cuando hablamos de\u00a0Nirvana, es imposible no pensar en los grandes \u00e9xitos que alcanz\u00f3. Aunque la banda se disolvi\u00f3 hace much\u00edsimos a\u00f1os, contin\u00faa siendo uno de los grupos [&hellip;]<\/p>\n","protected":false},"author":1,"featured_media":95468,"comment_status":"closed","ping_status":"closed","sticky":false,"template":"","format":"standard","meta":{"_seopress_robots_primary_cat":"","_seopress_titles_title":"","_seopress_titles_desc":"","_seopress_robots_index":"","footnotes":""},"categories":[5],"tags":[35655,35656,35654,33278,35652,35653],"class_list":{"0":"post-95467","1":"post","2":"type-post","3":"status-publish","4":"format-standard","5":"has-post-thumbnail","7":"category-musica","8":"tag-el-bebe-del-album-de-nirvana","9":"tag-nirvana-gana-el-juicio-contra-spencer-elden","10":"tag-nirvana-spencer-elden","11":"tag-spencer-elden-demando-a-nirvana-por-pornografia-infantil","12":"tag-tapa-de-nevermind","13":"tag-tapa-del-album-nervemind"},"_links":{"self":[{"href":"https:\/\/www.cordobatimes.com\/showup\/wp-json\/wp\/v2\/posts\/95467","targetHints":{"allow":["GET"]}}],"collection":[{"href":"https:\/\/www.cordobatimes.com\/showup\/wp-json\/wp\/v2\/posts"}],"about":[{"href":"https:\/\/www.cordobatimes.com\/showup\/wp-json\/wp\/v2\/types\/post"}],"author":[{"embeddable":true,"href":"https:\/\/www.cordobatimes.com\/showup\/wp-json\/wp\/v2\/users\/1"}],"replies":[{"embeddable":true,"href":"https:\/\/www.cordobatimes.com\/showup\/wp-json\/wp\/v2\/comments?post=95467"}],"version-history":[{"count":0,"href":"https:\/\/www.cordobatimes.com\/showup\/wp-json\/wp\/v2\/posts\/95467\/revisions"}],"wp:featuredmedia":[{"embeddable":true,"href":"https:\/\/www.cordobatimes.com\/showup\/wp-json\/wp\/v2\/media\/95468"}],"wp:attachment":[{"href":"https:\/\/www.cordobatimes.com\/showup\/wp-json\/wp\/v2\/media?parent=95467"}],"wp:term":[{"taxonomy":"category","embeddable":true,"href":"https:\/\/www.cordobatimes.com\/showup\/wp-json\/wp\/v2\/categories?post=95467"},{"taxonomy":"post_tag","embeddable":true,"href":"https:\/\/www.cordobatimes.com\/showup\/wp-json\/wp\/v2\/tags?post=95467"}],"curies":[{"name":"wp","href":"https:\/\/api.w.org\/{rel}","templated":true}]}}