{"id":95456,"date":"2022-09-01T12:37:39","date_gmt":"2022-09-01T15:37:39","guid":{"rendered":"https:\/\/www.cordobatimes.com\/showup\/?p=95456"},"modified":"2022-09-01T12:37:39","modified_gmt":"2022-09-01T15:37:39","slug":"estreno-confirmado-de-objetos-filmada-en-jujuy-y-protagonizada-por-la-china-suarez","status":"publish","type":"post","link":"https:\/\/www.cordobatimes.com\/showup\/cine-y-series\/2022\/09\/01\/estreno-confirmado-de-objetos-filmada-en-jujuy-y-protagonizada-por-la-china-suarez\/","title":{"rendered":"Estreno confirmado de \u00abObjetos\u00bb, filmada en Jujuy y protagonizada por la China Su\u00e1rez"},"content":{"rendered":"<h3><strong>La actriz subi\u00f3 a sus redes el adelanto del filme que rod\u00f3 entre Madrid y Jujuy junto al actor conocido por su papel de El Profesor en La Casa de Papel, \u00c1lvaro Morte. Se estrenar\u00e1 en cines el 30 de septiembre.<\/strong><\/h3>\n<p>\u201cNo puedo esperar\u201d. Con tres palabras y una foto en sus historias de Instagram,\u00a0Eugenia La China Su\u00e1rez\u00a0dej\u00f3 ver su ansiedad e invit\u00f3 a sus seguidores a visitar el tr\u00e1iler de\u00a0Objetos, la pel\u00edcula que se estrenar\u00e1 el pr\u00f3ximo mes y que la tendr\u00e1 como protagonista junto a\u00a0\u00c1lvaro Morte. La ex\u00a0Casi \u00e1ngeles\u00a0y el recordado\u00a0Profesor\u00a0de\u00a0La Casa de Papel\u00a0rodaron este thriller en la segunda mitad del a\u00f1o pasado, con imponentes locaciones naturales que contrastan con un ambiente s\u00f3rdido y opresivo que sintetiza el esp\u00edritu de la trama.<\/p>\n<p>El rodaje de la pel\u00edcula tuvo lugar entre la capital espa\u00f1ola y el norte de nuestro pa\u00eds. Y en la zona de la quebrada de Humahuaca, entre los imponentes paisajes de Purmamarca y Tilcara<\/p>\n<p><iframe loading=\"lazy\" title=\"YouTube video player\" src=\"https:\/\/www.youtube.com\/embed\/JJa6TxVbyc8\" width=\"560\" height=\"315\" frameborder=\"0\" allowfullscreen=\"allowfullscreen\"><\/iframe><\/p>\n","protected":false},"excerpt":{"rendered":"<p>La actriz subi\u00f3 a sus redes el adelanto del filme que rod\u00f3 entre Madrid y Jujuy junto al actor conocido por su papel de El Profesor en La Casa de Papel, \u00c1lvaro Morte. Se estrenar\u00e1 en cines el 30 de septiembre. \u201cNo puedo esperar\u201d. Con tres palabras y una foto en sus historias de Instagram,\u00a0Eugenia [&hellip;]<\/p>\n","protected":false},"author":1,"featured_media":95457,"comment_status":"closed","ping_status":"closed","sticky":false,"template":"","format":"standard","meta":{"_seopress_robots_primary_cat":"","_seopress_titles_title":"","_seopress_titles_desc":"","_seopress_robots_index":"","footnotes":""},"categories":[3],"tags":[33811,33812,35651],"class_list":{"0":"post-95456","1":"post","2":"type-post","3":"status-publish","4":"format-standard","5":"has-post-thumbnail","7":"category-cine-y-series","8":"tag-china-suarez-y-alvaro-morte","9":"tag-china-suarez-y-alvaro-morte-objetos","10":"tag-objetos-pelicula"},"_links":{"self":[{"href":"https:\/\/www.cordobatimes.com\/showup\/wp-json\/wp\/v2\/posts\/95456","targetHints":{"allow":["GET"]}}],"collection":[{"href":"https:\/\/www.cordobatimes.com\/showup\/wp-json\/wp\/v2\/posts"}],"about":[{"href":"https:\/\/www.cordobatimes.com\/showup\/wp-json\/wp\/v2\/types\/post"}],"author":[{"embeddable":true,"href":"https:\/\/www.cordobatimes.com\/showup\/wp-json\/wp\/v2\/users\/1"}],"replies":[{"embeddable":true,"href":"https:\/\/www.cordobatimes.com\/showup\/wp-json\/wp\/v2\/comments?post=95456"}],"version-history":[{"count":0,"href":"https:\/\/www.cordobatimes.com\/showup\/wp-json\/wp\/v2\/posts\/95456\/revisions"}],"wp:featuredmedia":[{"embeddable":true,"href":"https:\/\/www.cordobatimes.com\/showup\/wp-json\/wp\/v2\/media\/95457"}],"wp:attachment":[{"href":"https:\/\/www.cordobatimes.com\/showup\/wp-json\/wp\/v2\/media?parent=95456"}],"wp:term":[{"taxonomy":"category","embeddable":true,"href":"https:\/\/www.cordobatimes.com\/showup\/wp-json\/wp\/v2\/categories?post=95456"},{"taxonomy":"post_tag","embeddable":true,"href":"https:\/\/www.cordobatimes.com\/showup\/wp-json\/wp\/v2\/tags?post=95456"}],"curies":[{"name":"wp","href":"https:\/\/api.w.org\/{rel}","templated":true}]}}