{"id":9543,"date":"2014-01-19T15:55:14","date_gmt":"2014-01-19T18:55:14","guid":{"rendered":"http:\/\/cordobatimes.com\/showup\/?p=9543"},"modified":"2019-12-05T21:42:44","modified_gmt":"2019-12-06T00:42:44","slug":"gualeguaychu-esta-preparada-para-que-toque-el-indio-solari","status":"publish","type":"post","link":"https:\/\/www.cordobatimes.com\/showup\/musica\/2014\/01\/19\/gualeguaychu-esta-preparada-para-que-toque-el-indio-solari\/","title":{"rendered":"Gualeguaych\u00fa est\u00e1 preparada para que toque el Indio Solari"},"content":{"rendered":"<h3 style=\"text-align: justify;\"><strong>El Secretario de Turismo de Gualeguaych\u00fa, Fabi\u00e1n Godoy, lo anunci\u00f3 ayer por la radio local. La confirmaci\u00f3n por parte de la productora del m\u00fasico a\u00fan no ha sido oficializada.<\/strong><\/h3>\n<p style=\"text-align: justify;\">Luego de la \u00faltima &#8216;misa india&#8217; que se celebr\u00f3 en Mendoza, donde el ex Redondo conovoc\u00f3 a m\u00e1s de 100 mil personas, un n\u00famero importante que no todas las ciudades est\u00e1n preparadas para recibir.<\/p>\n<p style=\"text-align: justify;\">\u00a0\u00ab<em>Estuvieron mirando lugares probables, entre \u00e9stos el hip\u00f3dromo y el aut\u00f3dromo, por accesibilidad y capacidad, el lugar ideal ser\u00eda el Aut\u00f3dromo de la ciudad, pero oficialmente no se ha confirmado nada<\/em>\u00ab, afirm\u00f3 en la radio La Red Paran\u00e1, el Secretario de Turismo de la localidad entrerriana, Fabi\u00e1n Godoy.<\/p>\n<blockquote>\n<p style=\"text-align: justify;\">\u00abGualeguaych\u00fa est\u00e1 preparada para recibir al\u00a0Indio Solari\u00bb, aclar\u00f3 Godoy.<\/p>\n<\/blockquote>\n<p style=\"text-align: justify;\">Sobre la convocatoria del show y la capacidad de la ciudad para organizar un evento de este tipo el funcionario dijo \u00abGualeguaych\u00fa est\u00e1 preparada\u00bb.<\/p>\n<p style=\"text-align: justify;\">Para finalizar, Fabi\u00e1n Godoy concluy\u00f3: \u00ab<em>Si llegara a oficializarse, nos reuniremos las diferentes \u00e1reas del municipio y trabajaremos en conjunto para que se pueda realizar el evento y que se desarrolle con normalidad, tanto para los asistentes, como para los vecinos<\/em>\u00ab.<\/p>\n","protected":false},"excerpt":{"rendered":"<p>El Secretario de Turismo de Gualeguaych\u00fa, Fabi\u00e1n Godoy, lo anunci\u00f3 ayer por la radio local. La confirmaci\u00f3n por parte de la productora del m\u00fasico a\u00fan no ha sido oficializada. Luego de la \u00faltima &#8216;misa india&#8217; que se celebr\u00f3 en Mendoza, donde el ex Redondo conovoc\u00f3 a m\u00e1s de 100 mil personas, un n\u00famero importante que [&hellip;]<\/p>\n","protected":false},"author":1,"featured_media":9548,"comment_status":"closed","ping_status":"closed","sticky":false,"template":"","format":"standard","meta":{"_seopress_robots_primary_cat":"","_seopress_titles_title":"","_seopress_titles_desc":"","_seopress_robots_index":"","footnotes":""},"categories":[5],"tags":[3040],"class_list":{"0":"post-9543","1":"post","2":"type-post","3":"status-publish","4":"format-standard","5":"has-post-thumbnail","7":"category-musica","8":"tag-indio-solari-en-gualeguaychu"},"_links":{"self":[{"href":"https:\/\/www.cordobatimes.com\/showup\/wp-json\/wp\/v2\/posts\/9543","targetHints":{"allow":["GET"]}}],"collection":[{"href":"https:\/\/www.cordobatimes.com\/showup\/wp-json\/wp\/v2\/posts"}],"about":[{"href":"https:\/\/www.cordobatimes.com\/showup\/wp-json\/wp\/v2\/types\/post"}],"author":[{"embeddable":true,"href":"https:\/\/www.cordobatimes.com\/showup\/wp-json\/wp\/v2\/users\/1"}],"replies":[{"embeddable":true,"href":"https:\/\/www.cordobatimes.com\/showup\/wp-json\/wp\/v2\/comments?post=9543"}],"version-history":[{"count":0,"href":"https:\/\/www.cordobatimes.com\/showup\/wp-json\/wp\/v2\/posts\/9543\/revisions"}],"wp:featuredmedia":[{"embeddable":true,"href":"https:\/\/www.cordobatimes.com\/showup\/wp-json\/wp\/v2\/media\/9548"}],"wp:attachment":[{"href":"https:\/\/www.cordobatimes.com\/showup\/wp-json\/wp\/v2\/media?parent=9543"}],"wp:term":[{"taxonomy":"category","embeddable":true,"href":"https:\/\/www.cordobatimes.com\/showup\/wp-json\/wp\/v2\/categories?post=9543"},{"taxonomy":"post_tag","embeddable":true,"href":"https:\/\/www.cordobatimes.com\/showup\/wp-json\/wp\/v2\/tags?post=9543"}],"curies":[{"name":"wp","href":"https:\/\/api.w.org\/{rel}","templated":true}]}}