{"id":95424,"date":"2022-08-26T12:45:56","date_gmt":"2022-08-26T15:45:56","guid":{"rendered":"https:\/\/www.cordobatimes.com\/showup\/?p=95424"},"modified":"2022-08-26T12:45:56","modified_gmt":"2022-08-26T15:45:56","slug":"chano-charpentier-vuelve-a-los-escenarios","status":"publish","type":"post","link":"https:\/\/www.cordobatimes.com\/showup\/agenda\/2022\/08\/26\/chano-charpentier-vuelve-a-los-escenarios\/","title":{"rendered":"Chano Charpentier vuelve a los escenarios"},"content":{"rendered":"<h3><strong>La vuelta del artista ser\u00e1 a lo grande: comenzar\u00e1 el 3 de noviembre en el Luna Park y continuar\u00e1 con shows por todo el pa\u00eds.\u00a0<\/strong><\/h3>\n<p>Todo de negro, con camisa y saco de ese color. Con esa elegancia\u00a0Chano Charpentier anunci\u00f3 su regreso a los escenarios tras superar una internaci\u00f3n que comenz\u00f3 un a\u00f1o atr\u00e1s. La vuelta del artista ser\u00e1 a lo grande: comenzar\u00e1 el 3 de noviembre en el\u00a0Luna Park y continuar\u00e1 con una gira por todo el pa\u00eds.<\/p>\n<p>\u201cHola amigos, estoy feliz porque nos vamos a ver de vuelta, la cita es el 3 de noviembre en el Luna Park. Las entradas ya las pueden adquirir\u201d, expres\u00f3 el m\u00fasico a trav\u00e9s de sus redes sociales.<\/p>\n<div style=\"width: 480px;\" class=\"wp-video\"><video class=\"wp-video-shortcode\" id=\"video-95424-1\" width=\"480\" height=\"524\" preload=\"metadata\" controls=\"controls\"><source type=\"video\/mp4\" src=\"https:\/\/www.cordobatimes.com\/showup\/wp-content\/uploads\/2022\/08\/unknown_301557151_1136505793912604_2927533419008655136_n.mp4?_=1\" \/><a href=\"https:\/\/www.cordobatimes.com\/showup\/wp-content\/uploads\/2022\/08\/unknown_301557151_1136505793912604_2927533419008655136_n.mp4\">https:\/\/www.cordobatimes.com\/showup\/wp-content\/uploads\/2022\/08\/unknown_301557151_1136505793912604_2927533419008655136_n.mp4<\/a><\/video><\/div>\n","protected":false},"excerpt":{"rendered":"<p>La vuelta del artista ser\u00e1 a lo grande: comenzar\u00e1 el 3 de noviembre en el Luna Park y continuar\u00e1 con shows por todo el pa\u00eds.\u00a0 Todo de negro, con camisa y saco de ese color. Con esa elegancia\u00a0Chano Charpentier anunci\u00f3 su regreso a los escenarios tras superar una internaci\u00f3n que comenz\u00f3 un a\u00f1o atr\u00e1s. La [&hellip;]<\/p>\n","protected":false},"author":1,"featured_media":95425,"comment_status":"closed","ping_status":"closed","sticky":false,"template":"","format":"standard","meta":{"_seopress_robots_primary_cat":"","_seopress_titles_title":"","_seopress_titles_desc":"","_seopress_robots_index":"","footnotes":""},"categories":[6],"tags":[33448,35639],"class_list":{"0":"post-95424","1":"post","2":"type-post","3":"status-publish","4":"format-standard","5":"has-post-thumbnail","7":"category-agenda","8":"tag-chano-en-el-luna-park","9":"tag-show-de-chano"},"_links":{"self":[{"href":"https:\/\/www.cordobatimes.com\/showup\/wp-json\/wp\/v2\/posts\/95424","targetHints":{"allow":["GET"]}}],"collection":[{"href":"https:\/\/www.cordobatimes.com\/showup\/wp-json\/wp\/v2\/posts"}],"about":[{"href":"https:\/\/www.cordobatimes.com\/showup\/wp-json\/wp\/v2\/types\/post"}],"author":[{"embeddable":true,"href":"https:\/\/www.cordobatimes.com\/showup\/wp-json\/wp\/v2\/users\/1"}],"replies":[{"embeddable":true,"href":"https:\/\/www.cordobatimes.com\/showup\/wp-json\/wp\/v2\/comments?post=95424"}],"version-history":[{"count":0,"href":"https:\/\/www.cordobatimes.com\/showup\/wp-json\/wp\/v2\/posts\/95424\/revisions"}],"wp:featuredmedia":[{"embeddable":true,"href":"https:\/\/www.cordobatimes.com\/showup\/wp-json\/wp\/v2\/media\/95425"}],"wp:attachment":[{"href":"https:\/\/www.cordobatimes.com\/showup\/wp-json\/wp\/v2\/media?parent=95424"}],"wp:term":[{"taxonomy":"category","embeddable":true,"href":"https:\/\/www.cordobatimes.com\/showup\/wp-json\/wp\/v2\/categories?post=95424"},{"taxonomy":"post_tag","embeddable":true,"href":"https:\/\/www.cordobatimes.com\/showup\/wp-json\/wp\/v2\/tags?post=95424"}],"curies":[{"name":"wp","href":"https:\/\/api.w.org\/{rel}","templated":true}]}}