{"id":95421,"date":"2022-08-26T12:24:30","date_gmt":"2022-08-26T15:24:30","guid":{"rendered":"https:\/\/www.cordobatimes.com\/showup\/?p=95421"},"modified":"2022-08-26T12:24:30","modified_gmt":"2022-08-26T15:24:30","slug":"la-pelicula-argentina-1985-participara-en-la-competencia-oficial-del-festival-de-cine-de-londres","status":"publish","type":"post","link":"https:\/\/www.cordobatimes.com\/showup\/cine-y-series\/2022\/08\/26\/la-pelicula-argentina-1985-participara-en-la-competencia-oficial-del-festival-de-cine-de-londres\/","title":{"rendered":"La pel\u00edcula Argentina, 1985 participar\u00e1 en la competencia oficial del Festival de Cine de Londres"},"content":{"rendered":"<h3><strong>La pel\u00edcula dirigida por Santiago Mitre se estrenar\u00e1 en los cines argentinos el pr\u00f3ximo 29 de septiembre<\/strong><\/h3>\n<p>Este jueves se anunci\u00f3 que\u00a0Argentina, 1985, la siguiente pel\u00edcula de\u00a0Santiago Mitre, estar\u00e1 participando en la\u00a0competencia oficial del 66\u00b0 BFI London Film Festival.\u00a0Se trata del evento cinematogr\u00e1fico m\u00e1s importante del Reino Unido, que se celebrar\u00e1 en Londres, Inglaterra del 5 al 16 de octubre.<\/p>\n<p>Mitre\u00a0coescribi\u00f3 esta pel\u00edcula con su habitual colaborador\u00a0Mariano Llin\u00e1s\u00a0(La flor, Historias extraordinarias), la cual est\u00e1 inspirada en el equipo de fiscales liderado por\u00a0Julio Strassera\u00a0y\u00a0Luis Moreno Ocampo\u00a0que, pese a las amenazas, siguieron adelante en el juicio a los jefes de la dictadura militar de Argentina.\u00a0Ricardo Dar\u00edn\u00a0interpreta a Strassera y\u00a0Peter Lanzani\u00a0es quien tiene el papel de Moreno Ocampo en una producci\u00f3n comprometida que aborda uno de los momentos m\u00e1s cruciales desde la vuelta a la democracia a finales de 1983.<\/p>\n<p>El juicio a las Juntas Militares, llevado a cabo durante el gobierno del presidente\u00a0Ra\u00fal Ricardo Alfons\u00edn,\u00a0fue de los hechos judiciales m\u00e1s importantes en la historia argentina donde los responsables del autodenominado Proceso de Reorganizaci\u00f3n Nacional que tom\u00f3 el poder entre 1976 y 1983 fueron juzgados por la violaci\u00f3n a los derechos humanos. El filme dirigido por\u00a0Santiago Mitre\u00a0(El estudiante, La cordillera) se estrenar\u00e1 en los cines de Argentina el jueves 29 de septiembre y luego llegar\u00e1 a la plataforma de video de Amazon.<\/p>\n<p>Este film, que en los cines argentinos se estrenar\u00e1 el pr\u00f3ximo 29 de septiembre (y el 30, en Estados Unidos),\u00a0tambi\u00e9n competir\u00e1 en el Festival de Venecia y en el de San Sebasti\u00e1n. De esta manera, el cine argentino empieza a palpitar la ceremonia de los Oscars con el premio a la\u00a0mejor pel\u00edcula internacional\u00a0como objetivo. Es que si bien faltan m\u00e1s de seis meses para la entrega de la Academia,\u00a0Argentina, 1985\u00a0encabeza las predicciones de la prensa internacional\u00a0de cara a la gran fiesta de Hollywood, que se celebrar\u00e1 el 12 de marzo de 2023.<\/p>\n<p>Con este panorama, Argentina podr\u00eda llegar a conseguir la tercera estatuilla para su cinemateca, luego de las logradas por\u00a0La historia oficial\u00a0(Luis Puenzo, 1985) y\u00a0El secreto de sus ojos\u00a0(Juan Jos\u00e9 Campanella, 2010). Pero en el corto plazo los focos del gran mundo cinematogr\u00e1fico estar\u00e1n en el Lido de Venecia, que cortar\u00e1 su cinta de inauguraci\u00f3n el mi\u00e9rcoles 31 de agosto y al d\u00eda siguiente tiene pautada la proyecci\u00f3n de\u00a0Bardo (o falsa cr\u00f3nica de unas cuantas verdades)\u00a0en lo que ser\u00e1 la vuelta del mexicano\u00a0Alejandro Gonz\u00e1lez I\u00f1\u00e1rritu\u00a0luego de su nominaci\u00f3n en 2003 con\u00a021 gramos\u00a0y su consagraci\u00f3n en 2014 con\u00a0Birdman. Por su parte,\u00a0Argentina, 1985\u00a0tendr\u00e1 pantalla el s\u00e1bado 3, con la expectativa de alzarse el premio mayor.<\/p>\n<p>Ser\u00e1n los \u00fanicos representantes latinoamericanos que se disputar\u00e1n el Le\u00f3n de Oro, en una cartelera de 23 t\u00edtulos, entre los que se destacan las estadounidenses\u00a0The Whale\u00a0(de\u00a0Darren Aronofsky, con\u00a0Brendan Fraser),\u00a0Bones and All\u00a0(de\u00a0Luca Guadagnino\u00a0con\u00a0Thimoth\u00e9e Chalamet) y\u00a0Blonde, (de Andrew Dominik, en donde\u00a0Ana de Armas\u00a0interpreta a\u00a0Marilyn Monroe) la japonesa\u00a0Love Life, de K\u014dji Fukada, y\u00a0L\u2019immensit\u00e1\u00a0del italiano\u00a0Emmanuel Crialese, con la espa\u00f1ola\u00a0Pen\u00e9lope Cruz.\u00a0La\u00a079\u00aa edici\u00f3n del Festival de Venecia\u00a0se desarrollar\u00e1 hasta el 10 de septiembre.<\/p>\n","protected":false},"excerpt":{"rendered":"<p>La pel\u00edcula dirigida por Santiago Mitre se estrenar\u00e1 en los cines argentinos el pr\u00f3ximo 29 de septiembre Este jueves se anunci\u00f3 que\u00a0Argentina, 1985, la siguiente pel\u00edcula de\u00a0Santiago Mitre, estar\u00e1 participando en la\u00a0competencia oficial del 66\u00b0 BFI London Film Festival.\u00a0Se trata del evento cinematogr\u00e1fico m\u00e1s importante del Reino Unido, que se celebrar\u00e1 en Londres, Inglaterra del [&hellip;]<\/p>\n","protected":false},"author":1,"featured_media":95422,"comment_status":"closed","ping_status":"closed","sticky":false,"template":"","format":"standard","meta":{"_seopress_robots_primary_cat":"","_seopress_titles_title":"","_seopress_titles_desc":"","_seopress_robots_index":"","footnotes":""},"categories":[3],"tags":[35637,35638],"class_list":{"0":"post-95421","1":"post","2":"type-post","3":"status-publish","4":"format-standard","5":"has-post-thumbnail","7":"category-cine-y-series","8":"tag-pelicula-argentina-1985","9":"tag-pelicula-argentina1985-festival-de-cine-de-londres"},"_links":{"self":[{"href":"https:\/\/www.cordobatimes.com\/showup\/wp-json\/wp\/v2\/posts\/95421","targetHints":{"allow":["GET"]}}],"collection":[{"href":"https:\/\/www.cordobatimes.com\/showup\/wp-json\/wp\/v2\/posts"}],"about":[{"href":"https:\/\/www.cordobatimes.com\/showup\/wp-json\/wp\/v2\/types\/post"}],"author":[{"embeddable":true,"href":"https:\/\/www.cordobatimes.com\/showup\/wp-json\/wp\/v2\/users\/1"}],"replies":[{"embeddable":true,"href":"https:\/\/www.cordobatimes.com\/showup\/wp-json\/wp\/v2\/comments?post=95421"}],"version-history":[{"count":0,"href":"https:\/\/www.cordobatimes.com\/showup\/wp-json\/wp\/v2\/posts\/95421\/revisions"}],"wp:featuredmedia":[{"embeddable":true,"href":"https:\/\/www.cordobatimes.com\/showup\/wp-json\/wp\/v2\/media\/95422"}],"wp:attachment":[{"href":"https:\/\/www.cordobatimes.com\/showup\/wp-json\/wp\/v2\/media?parent=95421"}],"wp:term":[{"taxonomy":"category","embeddable":true,"href":"https:\/\/www.cordobatimes.com\/showup\/wp-json\/wp\/v2\/categories?post=95421"},{"taxonomy":"post_tag","embeddable":true,"href":"https:\/\/www.cordobatimes.com\/showup\/wp-json\/wp\/v2\/tags?post=95421"}],"curies":[{"name":"wp","href":"https:\/\/api.w.org\/{rel}","templated":true}]}}