{"id":95413,"date":"2022-08-25T11:14:10","date_gmt":"2022-08-25T14:14:10","guid":{"rendered":"https:\/\/www.cordobatimes.com\/showup\/?p=95413"},"modified":"2022-08-25T11:14:10","modified_gmt":"2022-08-25T14:14:10","slug":"bardo-y-argentina-1985-compiten-en-el-festival-de-venecia-y-se-candidatean-para-ganar-el-oscar","status":"publish","type":"post","link":"https:\/\/www.cordobatimes.com\/showup\/cine-y-series\/2022\/08\/25\/bardo-y-argentina-1985-compiten-en-el-festival-de-venecia-y-se-candidatean-para-ganar-el-oscar\/","title":{"rendered":"Bardo y Argentina, 1985 compiten en el Festival de Venecia y se candidatean para ganar el Oscar"},"content":{"rendered":"<h3><strong>Mientras van por el Le\u00f3n de Oro, las pel\u00edculas del mexicano Alejandro Gonz\u00e1lez I\u00f1\u00e1rritu y del argentino Santiago Mitre lideran las predicciones de la cr\u00edtica internacional para los premios de la Academia<\/strong><\/h3>\n<p>Con las luces del\u00a0Festival de Venecia\u00a0asomando en el horizonte, y mientras se esperan sus respectivos estrenos para el gran p\u00fablico, el cine latinoamericano empieza a palpitar la ceremonia de los Oscars con el premio a la\u00a0mejor pel\u00edcula internacional\u00a0como objetivo. Es que si bien faltan m\u00e1s de seis meses para la entrega de la Academia,\u00a0Bardo (o falsa cr\u00f3nica de unas cuantas verdades),\u00a0del mexicano\u00a0Alejandro Gonz\u00e1lez I\u00f1\u00e1rritu\u00a0y\u00a0Argentina, 1985, del argentino\u00a0Santiago Mitre\u00a0encabezan las predicciones de la prensa internacional\u00a0de cara a la gran fiesta de Hollywood que se celebrar\u00e1 el 12 de marzo de 2023.<\/p>\n<p>Mientras tanto, las dos pel\u00edculas ir\u00e1n por el\u00a0Le\u00f3n de Oro en la\u00a079\u00aa edici\u00f3n del Festival de Venecia,\u00a0que se llevar\u00e1 a cabo del 31 de agosto hasta el 10 de septiembre.\u00a0Argentina, 1985,\u00a0est\u00e1 inspirada en el equipo de fiscales liderado por\u00a0Julio Strassera\u00a0y\u00a0Luis Moreno Ocampo\u00a0que, pese a las amenazas, siguieron adelante en el juicio a los jefes de la dictadura militar de Argentina.\u00a0Ricardo Dar\u00edn\u00a0interpreta a Strassera y\u00a0Peter Lanzani\u00a0es Moreno Ocampo en una producci\u00f3n comprometida que aborda uno de los momentos m\u00e1s cruciales desde la vuelta a la democracia a finales de 1983.<\/p>\n<p>El juicio a las Juntas Militares, llevado a cabo durante el gobierno del presidente\u00a0Ra\u00fal Ricardo Alfons\u00edn,\u00a0fue de los hechos judiciales m\u00e1s importantes en la historia argentina donde los responsables del autodenominado Proceso de Reorganizaci\u00f3n Nacional que tom\u00f3 el poder entre 1976 y 1983 fueron juzgados por la violaci\u00f3n a los derechos humanos. El filme dirigido por\u00a0Santiago Mitre\u00a0(El estudiante, La cordillera) se estrenar\u00e1 en los cines de Argentina el jueves 29 de septiembre y luego llegar\u00e1 a la plataforma de video de Amazon.<\/p>\n<p><iframe loading=\"lazy\" title=\"YouTube video player\" src=\"https:\/\/www.youtube.com\/embed\/qI1AO5lTEHk\" width=\"560\" height=\"315\" frameborder=\"0\" allowfullscreen=\"allowfullscreen\"><\/iframe><\/p>\n","protected":false},"excerpt":{"rendered":"<p>Mientras van por el Le\u00f3n de Oro, las pel\u00edculas del mexicano Alejandro Gonz\u00e1lez I\u00f1\u00e1rritu y del argentino Santiago Mitre lideran las predicciones de la cr\u00edtica internacional para los premios de la Academia Con las luces del\u00a0Festival de Venecia\u00a0asomando en el horizonte, y mientras se esperan sus respectivos estrenos para el gran p\u00fablico, el cine latinoamericano [&hellip;]<\/p>\n","protected":false},"author":1,"featured_media":95414,"comment_status":"closed","ping_status":"closed","sticky":false,"template":"","format":"standard","meta":{"_seopress_robots_primary_cat":"","_seopress_titles_title":"","_seopress_titles_desc":"","_seopress_robots_index":"","footnotes":""},"categories":[3],"tags":[35632,35633],"class_list":{"0":"post-95413","1":"post","2":"type-post","3":"status-publish","4":"format-standard","5":"has-post-thumbnail","7":"category-cine-y-series","8":"tag-argentina-1985-festival-de-venecia","9":"tag-festival-de-venecia-peliculas-argentinas"},"_links":{"self":[{"href":"https:\/\/www.cordobatimes.com\/showup\/wp-json\/wp\/v2\/posts\/95413","targetHints":{"allow":["GET"]}}],"collection":[{"href":"https:\/\/www.cordobatimes.com\/showup\/wp-json\/wp\/v2\/posts"}],"about":[{"href":"https:\/\/www.cordobatimes.com\/showup\/wp-json\/wp\/v2\/types\/post"}],"author":[{"embeddable":true,"href":"https:\/\/www.cordobatimes.com\/showup\/wp-json\/wp\/v2\/users\/1"}],"replies":[{"embeddable":true,"href":"https:\/\/www.cordobatimes.com\/showup\/wp-json\/wp\/v2\/comments?post=95413"}],"version-history":[{"count":0,"href":"https:\/\/www.cordobatimes.com\/showup\/wp-json\/wp\/v2\/posts\/95413\/revisions"}],"wp:featuredmedia":[{"embeddable":true,"href":"https:\/\/www.cordobatimes.com\/showup\/wp-json\/wp\/v2\/media\/95414"}],"wp:attachment":[{"href":"https:\/\/www.cordobatimes.com\/showup\/wp-json\/wp\/v2\/media?parent=95413"}],"wp:term":[{"taxonomy":"category","embeddable":true,"href":"https:\/\/www.cordobatimes.com\/showup\/wp-json\/wp\/v2\/categories?post=95413"},{"taxonomy":"post_tag","embeddable":true,"href":"https:\/\/www.cordobatimes.com\/showup\/wp-json\/wp\/v2\/tags?post=95413"}],"curies":[{"name":"wp","href":"https:\/\/api.w.org\/{rel}","templated":true}]}}