{"id":95393,"date":"2022-08-23T12:18:20","date_gmt":"2022-08-23T15:18:20","guid":{"rendered":"https:\/\/www.cordobatimes.com\/showup\/?p=95393"},"modified":"2022-08-23T12:18:20","modified_gmt":"2022-08-23T15:18:20","slug":"tendencias-que-veremos-en-el-verano-2023","status":"publish","type":"post","link":"https:\/\/www.cordobatimes.com\/showup\/moda-y-estilos\/2022\/08\/23\/tendencias-que-veremos-en-el-verano-2023\/","title":{"rendered":"Tendencias que veremos en el verano 2023"},"content":{"rendered":"<h3><strong>Solo agregar una o dos nuevas tendencias a su armario existente puede actualizar su apariencia para darle a sus atuendos una sensaci\u00f3n moderna y actualizada.\u00a0<\/strong><\/h3>\n<h3><strong>El encanto Y2K<\/strong><\/h3>\n<p>2YK regresa a 2022 con llamativos estampados trippy, recortes, minivestidos, minishort, pantalones bajos, crop tops, tops de bikini ce\u00f1idos, pareo, falda cruzada, minifaldas, colores ne\u00f3n. , y tangas.<\/p>\n<p><img alt=\"\" loading=\"lazy\" decoding=\"async\" class=\"alignnone wp-image-95396 size-full\" src=\"https:\/\/www.cordobatimes.com\/showup\/wp-content\/uploads\/2022\/08\/Anos-2000-verano-2023-Tendencias-1024x1024-1.jpg\" alt=\"\" width=\"1024\" height=\"1024\" srcset=\"https:\/\/www.cordobatimes.com\/showup\/wp-content\/uploads\/2022\/08\/Anos-2000-verano-2023-Tendencias-1024x1024-1.jpg 1024w, https:\/\/www.cordobatimes.com\/showup\/wp-content\/uploads\/2022\/08\/Anos-2000-verano-2023-Tendencias-1024x1024-1-420x420.jpg 420w, https:\/\/www.cordobatimes.com\/showup\/wp-content\/uploads\/2022\/08\/Anos-2000-verano-2023-Tendencias-1024x1024-1-768x768.jpg 768w, https:\/\/www.cordobatimes.com\/showup\/wp-content\/uploads\/2022\/08\/Anos-2000-verano-2023-Tendencias-1024x1024-1-696x696.jpg 696w\" sizes=\"auto, (max-width: 1024px) 100vw, 1024px\" \/><\/p>\n<h3><strong>Vestirse Para La Playa<\/strong><\/h3>\n<p>Los looks de playa de hoy han evolucionado m\u00e1s all\u00e1 del bikini b\u00e1sico y el encubrimiento.<\/p>\n<p>Ya sea un pareo de playa que puede funcionar como una minifalda cuando se combina con una sandalia de tiras o un traje de ba\u00f1o de una pieza con espalda baja que se puede usar como un mono con pantalones anchos, los elementos esenciales de la playa se han convertido en una parte integral del estilo diario.<\/p>\n<p><img alt=\"\" loading=\"lazy\" decoding=\"async\" class=\"alignnone wp-image-95397 size-full\" src=\"https:\/\/www.cordobatimes.com\/showup\/wp-content\/uploads\/2022\/08\/playa-verano-2023-Tendencias-1024x1024-1.jpg\" alt=\"\" width=\"1024\" height=\"1024\" srcset=\"https:\/\/www.cordobatimes.com\/showup\/wp-content\/uploads\/2022\/08\/playa-verano-2023-Tendencias-1024x1024-1.jpg 1024w, https:\/\/www.cordobatimes.com\/showup\/wp-content\/uploads\/2022\/08\/playa-verano-2023-Tendencias-1024x1024-1-420x420.jpg 420w, https:\/\/www.cordobatimes.com\/showup\/wp-content\/uploads\/2022\/08\/playa-verano-2023-Tendencias-1024x1024-1-768x768.jpg 768w, https:\/\/www.cordobatimes.com\/showup\/wp-content\/uploads\/2022\/08\/playa-verano-2023-Tendencias-1024x1024-1-696x696.jpg 696w\" sizes=\"auto, (max-width: 1024px) 100vw, 1024px\" \/><\/p>\n<h3><strong>Ropa interior expuesta<\/strong><\/h3>\n<p>Los bralettes recibieron bombos y platillos que transformaron nuestra percepci\u00f3n de los sujetadores como tops.<\/p>\n<p>Son perfectos para el calor del verano y se combinan con facilidad, ya sea con un blazer extragrande o como una prenda fresca que deja al descubierto la piel contra el sol de verano.<\/p>\n<p><img alt=\"\" loading=\"lazy\" decoding=\"async\" class=\"alignnone wp-image-95398 size-full\" src=\"https:\/\/www.cordobatimes.com\/showup\/wp-content\/uploads\/2022\/08\/tops-verano-2023-Tendencias-1024x1024-1.jpg\" alt=\"\" width=\"1024\" height=\"1024\" srcset=\"https:\/\/www.cordobatimes.com\/showup\/wp-content\/uploads\/2022\/08\/tops-verano-2023-Tendencias-1024x1024-1.jpg 1024w, https:\/\/www.cordobatimes.com\/showup\/wp-content\/uploads\/2022\/08\/tops-verano-2023-Tendencias-1024x1024-1-420x420.jpg 420w, https:\/\/www.cordobatimes.com\/showup\/wp-content\/uploads\/2022\/08\/tops-verano-2023-Tendencias-1024x1024-1-768x768.jpg 768w, https:\/\/www.cordobatimes.com\/showup\/wp-content\/uploads\/2022\/08\/tops-verano-2023-Tendencias-1024x1024-1-696x696.jpg 696w\" sizes=\"auto, (max-width: 1024px) 100vw, 1024px\" \/><\/p>\n<h3><strong>Hippie Moderno<\/strong><\/h3>\n<p>\u00bfTienes una personalidad de estilo bohemio ? \u00bfO te gusta introducir ciertos elementos de estilo boho en tus outfits? Los dise\u00f1adores optaron por estilos boho chic que se ve\u00edan relajados pero juntos. Puedes optar por un maxi vestido fluido o usar tu top bohemio con tus jeans favoritos.<\/p>\n<p><img alt=\"\" loading=\"lazy\" decoding=\"async\" class=\"alignnone wp-image-95399 size-full\" src=\"https:\/\/www.cordobatimes.com\/showup\/wp-content\/uploads\/2022\/08\/hippie-moderno-verano-2023-Tendencias-1024x1024-1.jpg\" alt=\"\" width=\"1024\" height=\"1024\" srcset=\"https:\/\/www.cordobatimes.com\/showup\/wp-content\/uploads\/2022\/08\/hippie-moderno-verano-2023-Tendencias-1024x1024-1.jpg 1024w, https:\/\/www.cordobatimes.com\/showup\/wp-content\/uploads\/2022\/08\/hippie-moderno-verano-2023-Tendencias-1024x1024-1-420x420.jpg 420w, https:\/\/www.cordobatimes.com\/showup\/wp-content\/uploads\/2022\/08\/hippie-moderno-verano-2023-Tendencias-1024x1024-1-768x768.jpg 768w, https:\/\/www.cordobatimes.com\/showup\/wp-content\/uploads\/2022\/08\/hippie-moderno-verano-2023-Tendencias-1024x1024-1-696x696.jpg 696w\" sizes=\"auto, (max-width: 1024px) 100vw, 1024px\" \/><\/p>\n<h3><strong>Oversize<\/strong><\/h3>\n<p>Las chaquetas de gran tama\u00f1o han estado de moda durante un par de temporadas y definitivamente siguen estando de moda para la primavera.\u00a0Entonces, si ya tiene uno, no lo empuje al fondo de su armario todav\u00eda.<\/p>\n<p>Los pantalones anchos tambi\u00e9n, Elige entre cualquier pantal\u00f3n ancho que se adapte a tu personalidad de estilo , ya sea que prefieras un par de jeans anchos, pantalones a la medida o un par de pantalones palazos.<\/p>\n<p><img alt=\"\" loading=\"lazy\" decoding=\"async\" class=\"alignnone wp-image-95400 size-full\" src=\"https:\/\/www.cordobatimes.com\/showup\/wp-content\/uploads\/2022\/08\/oversize-verano-2023-Tendencias-1024x1024-1.jpg\" alt=\"\" width=\"1024\" height=\"1024\" srcset=\"https:\/\/www.cordobatimes.com\/showup\/wp-content\/uploads\/2022\/08\/oversize-verano-2023-Tendencias-1024x1024-1.jpg 1024w, https:\/\/www.cordobatimes.com\/showup\/wp-content\/uploads\/2022\/08\/oversize-verano-2023-Tendencias-1024x1024-1-420x420.jpg 420w, https:\/\/www.cordobatimes.com\/showup\/wp-content\/uploads\/2022\/08\/oversize-verano-2023-Tendencias-1024x1024-1-768x768.jpg 768w, https:\/\/www.cordobatimes.com\/showup\/wp-content\/uploads\/2022\/08\/oversize-verano-2023-Tendencias-1024x1024-1-696x696.jpg 696w\" sizes=\"auto, (max-width: 1024px) 100vw, 1024px\" \/><\/p>\n<h3><strong>Rayas Favorecedoras<\/strong><\/h3>\n<p>Las rayas son un patr\u00f3n absolutamente atemporal, adem\u00e1s de ser muy favorecedor, lo que las convierte en una gran adici\u00f3n a tu armario.<\/p>\n<p>Busca pantalones a rayas, vestidos camiseros que puedas usar como vestido o abiertos como un guardapolvo, y maxi vestidos que puedas usar con tus sandalias para el verano.<\/p>\n<p><img alt=\"\" loading=\"lazy\" decoding=\"async\" class=\"alignnone wp-image-95401 size-full\" src=\"https:\/\/www.cordobatimes.com\/showup\/wp-content\/uploads\/2022\/08\/rayas-verano-2023-Tendencias-1024x1024-1.jpg\" alt=\"\" width=\"1024\" height=\"1024\" srcset=\"https:\/\/www.cordobatimes.com\/showup\/wp-content\/uploads\/2022\/08\/rayas-verano-2023-Tendencias-1024x1024-1.jpg 1024w, https:\/\/www.cordobatimes.com\/showup\/wp-content\/uploads\/2022\/08\/rayas-verano-2023-Tendencias-1024x1024-1-420x420.jpg 420w, https:\/\/www.cordobatimes.com\/showup\/wp-content\/uploads\/2022\/08\/rayas-verano-2023-Tendencias-1024x1024-1-768x768.jpg 768w, https:\/\/www.cordobatimes.com\/showup\/wp-content\/uploads\/2022\/08\/rayas-verano-2023-Tendencias-1024x1024-1-696x696.jpg 696w\" sizes=\"auto, (max-width: 1024px) 100vw, 1024px\" \/><\/p>\n<h3><strong>Cuadros<\/strong><\/h3>\n<p>Otro patr\u00f3n que realmente se destac\u00f3 en las pasarelas fue el de los cuadros.\u00a0Nuevamente, los estilos de cuadros totalmente atemporales se usan a menudo para el oto\u00f1o.\u00a0Pero definitivamente tambi\u00e9n puedes elegir cuadros para la primavera y el verano.<\/p>\n<p><img alt=\"\" loading=\"lazy\" decoding=\"async\" class=\"alignnone wp-image-95402 size-full\" src=\"https:\/\/www.cordobatimes.com\/showup\/wp-content\/uploads\/2022\/08\/cuadros-verano-2023-Tendencias-1024x1024-1.jpg\" alt=\"\" width=\"1024\" height=\"1024\" srcset=\"https:\/\/www.cordobatimes.com\/showup\/wp-content\/uploads\/2022\/08\/cuadros-verano-2023-Tendencias-1024x1024-1.jpg 1024w, https:\/\/www.cordobatimes.com\/showup\/wp-content\/uploads\/2022\/08\/cuadros-verano-2023-Tendencias-1024x1024-1-420x420.jpg 420w, https:\/\/www.cordobatimes.com\/showup\/wp-content\/uploads\/2022\/08\/cuadros-verano-2023-Tendencias-1024x1024-1-768x768.jpg 768w, https:\/\/www.cordobatimes.com\/showup\/wp-content\/uploads\/2022\/08\/cuadros-verano-2023-Tendencias-1024x1024-1-696x696.jpg 696w\" sizes=\"auto, (max-width: 1024px) 100vw, 1024px\" \/><\/p>\n<h3><strong>Total white<\/strong><\/h3>\n<p>Para un look limpio, simple, minimalista pero muy elegante, puedes probar una de las tendencias que aparecieron en varias pasarelas: el traje blanco.<\/p>\n<p>Puedes usar tu traje blanco para los eventos de primavera y verano a los que te inviten, o siempre puedes usar un traje m\u00e1s informal con una camiseta y zapatillas o sandalias.<\/p>\n<p><img alt=\"\" loading=\"lazy\" decoding=\"async\" class=\"alignnone wp-image-95403 size-full\" src=\"https:\/\/www.cordobatimes.com\/showup\/wp-content\/uploads\/2022\/08\/looks-blancos-verano-2023-Tendencias-1024x1024-1.jpg\" alt=\"\" width=\"1024\" height=\"1024\" srcset=\"https:\/\/www.cordobatimes.com\/showup\/wp-content\/uploads\/2022\/08\/looks-blancos-verano-2023-Tendencias-1024x1024-1.jpg 1024w, https:\/\/www.cordobatimes.com\/showup\/wp-content\/uploads\/2022\/08\/looks-blancos-verano-2023-Tendencias-1024x1024-1-420x420.jpg 420w, https:\/\/www.cordobatimes.com\/showup\/wp-content\/uploads\/2022\/08\/looks-blancos-verano-2023-Tendencias-1024x1024-1-768x768.jpg 768w, https:\/\/www.cordobatimes.com\/showup\/wp-content\/uploads\/2022\/08\/looks-blancos-verano-2023-Tendencias-1024x1024-1-696x696.jpg 696w\" sizes=\"auto, (max-width: 1024px) 100vw, 1024px\" \/><\/p>\n<h3><strong>Columnas De Color<\/strong><\/h3>\n<p>No tiene que ser una lucha pensar qu\u00e9 color poner con qu\u00e9 color.\u00a0En su lugar, simplemente podr\u00eda usar el mismo color de pies a cabeza.<\/p>\n<p><img alt=\"\" loading=\"lazy\" decoding=\"async\" class=\"alignnone wp-image-95404 size-full\" src=\"https:\/\/www.cordobatimes.com\/showup\/wp-content\/uploads\/2022\/08\/total-color-verano-2023-Tendencias-1024x1024-1.jpg\" alt=\"\" width=\"1024\" height=\"1024\" srcset=\"https:\/\/www.cordobatimes.com\/showup\/wp-content\/uploads\/2022\/08\/total-color-verano-2023-Tendencias-1024x1024-1.jpg 1024w, https:\/\/www.cordobatimes.com\/showup\/wp-content\/uploads\/2022\/08\/total-color-verano-2023-Tendencias-1024x1024-1-420x420.jpg 420w, https:\/\/www.cordobatimes.com\/showup\/wp-content\/uploads\/2022\/08\/total-color-verano-2023-Tendencias-1024x1024-1-768x768.jpg 768w, https:\/\/www.cordobatimes.com\/showup\/wp-content\/uploads\/2022\/08\/total-color-verano-2023-Tendencias-1024x1024-1-696x696.jpg 696w\" sizes=\"auto, (max-width: 1024px) 100vw, 1024px\" \/><\/p>\n<h3><strong>M\u00e1s Ganchillo<\/strong><\/h3>\n<p>Los tejidos a crochet no va a ninguna parte\u00a0r\u00e1pido.\u00a0La tendencia sigue siendo fuerte para la primavera, ahora con a\u00fan m\u00e1s opciones disponibles.\u00a0Ya sea que opte por un top de punto grueso o un c\u00e1rdigan de red para llevar en los d\u00edas m\u00e1s fr\u00edos, no puede equivocarse.<\/p>\n<p><img alt=\"\" loading=\"lazy\" decoding=\"async\" class=\"alignnone wp-image-95405 size-full\" src=\"https:\/\/www.cordobatimes.com\/showup\/wp-content\/uploads\/2022\/08\/Tejidos-crochet-verano-2023-Tendencias-1024x1024-1.jpg\" alt=\"\" width=\"1024\" height=\"1024\" srcset=\"https:\/\/www.cordobatimes.com\/showup\/wp-content\/uploads\/2022\/08\/Tejidos-crochet-verano-2023-Tendencias-1024x1024-1.jpg 1024w, https:\/\/www.cordobatimes.com\/showup\/wp-content\/uploads\/2022\/08\/Tejidos-crochet-verano-2023-Tendencias-1024x1024-1-420x420.jpg 420w, https:\/\/www.cordobatimes.com\/showup\/wp-content\/uploads\/2022\/08\/Tejidos-crochet-verano-2023-Tendencias-1024x1024-1-768x768.jpg 768w, https:\/\/www.cordobatimes.com\/showup\/wp-content\/uploads\/2022\/08\/Tejidos-crochet-verano-2023-Tendencias-1024x1024-1-696x696.jpg 696w\" sizes=\"auto, (max-width: 1024px) 100vw, 1024px\" \/><\/p>\n<p>&nbsp;<\/p>\n","protected":false},"excerpt":{"rendered":"<p>Solo agregar una o dos nuevas tendencias a su armario existente puede actualizar su apariencia para darle a sus atuendos una sensaci\u00f3n moderna y actualizada.\u00a0 El encanto Y2K 2YK regresa a 2022 con llamativos estampados trippy, recortes, minivestidos, minishort, pantalones bajos, crop tops, tops de bikini ce\u00f1idos, pareo, falda cruzada, minifaldas, colores ne\u00f3n. , y [&hellip;]<\/p>\n","protected":false},"author":1,"featured_media":95395,"comment_status":"closed","ping_status":"closed","sticky":false,"template":"","format":"standard","meta":{"_seopress_robots_primary_cat":"","_seopress_titles_title":"","_seopress_titles_desc":"","_seopress_robots_index":"","footnotes":""},"categories":[228],"tags":[35624,35627,35626,35625],"class_list":{"0":"post-95393","1":"post","2":"type-post","3":"status-publish","4":"format-standard","5":"has-post-thumbnail","7":"category-moda-y-estilos","8":"tag-moda-2023","9":"tag-primavera-verano-2023","10":"tag-tendencia-de-moda-primavera-verano-2023","11":"tag-tendencias-de-moda-2023"},"_links":{"self":[{"href":"https:\/\/www.cordobatimes.com\/showup\/wp-json\/wp\/v2\/posts\/95393","targetHints":{"allow":["GET"]}}],"collection":[{"href":"https:\/\/www.cordobatimes.com\/showup\/wp-json\/wp\/v2\/posts"}],"about":[{"href":"https:\/\/www.cordobatimes.com\/showup\/wp-json\/wp\/v2\/types\/post"}],"author":[{"embeddable":true,"href":"https:\/\/www.cordobatimes.com\/showup\/wp-json\/wp\/v2\/users\/1"}],"replies":[{"embeddable":true,"href":"https:\/\/www.cordobatimes.com\/showup\/wp-json\/wp\/v2\/comments?post=95393"}],"version-history":[{"count":0,"href":"https:\/\/www.cordobatimes.com\/showup\/wp-json\/wp\/v2\/posts\/95393\/revisions"}],"wp:featuredmedia":[{"embeddable":true,"href":"https:\/\/www.cordobatimes.com\/showup\/wp-json\/wp\/v2\/media\/95395"}],"wp:attachment":[{"href":"https:\/\/www.cordobatimes.com\/showup\/wp-json\/wp\/v2\/media?parent=95393"}],"wp:term":[{"taxonomy":"category","embeddable":true,"href":"https:\/\/www.cordobatimes.com\/showup\/wp-json\/wp\/v2\/categories?post=95393"},{"taxonomy":"post_tag","embeddable":true,"href":"https:\/\/www.cordobatimes.com\/showup\/wp-json\/wp\/v2\/tags?post=95393"}],"curies":[{"name":"wp","href":"https:\/\/api.w.org\/{rel}","templated":true}]}}