{"id":95249,"date":"2022-07-14T18:32:36","date_gmt":"2022-07-14T21:32:36","guid":{"rendered":"https:\/\/www.cordobatimes.com\/showup\/?p=95249"},"modified":"2022-07-14T18:32:36","modified_gmt":"2022-07-14T21:32:36","slug":"llega-a-netflix-los-ladrones-la-verdadera-historia-del-robo-del-siglo","status":"publish","type":"post","link":"https:\/\/www.cordobatimes.com\/showup\/cine-y-series\/2022\/07\/14\/llega-a-netflix-los-ladrones-la-verdadera-historia-del-robo-del-siglo\/","title":{"rendered":"Llega a Netflix Los Ladrones: La verdadera historia del robo del siglo"},"content":{"rendered":"<h3><strong>Por primera vez en una producci\u00f3n audiovisual los ladrones relatan y recrean las escenas sobre c\u00f3mo planearon el asalto de la sucursal de Acassuso en 2006.\u00a0<\/strong><\/h3>\n<p>Finalmente,\u00a0Netflix\u00a0anunci\u00f3\u00a0el estreno de su nueva pel\u00edcula documental\u00a0Los Ladrones: La verdadera historia del robo del siglo, que estar\u00e1 disponible en todo el mundo a partir del\u00a010 de agosto. A 16 a\u00f1os del\u00a0asalto m\u00e1s famoso a un banco de Argentina, en el que un grupo de hombres rob\u00f3 millones de pesos y se evapor\u00f3, este nuevo documental de Netflix hecho en Argentina presenta, con un exhaustivo trabajo que incluye testimonios y escenas recreadas por sus protagonistas, la verdadera historia contada por los propios ladrones, as\u00ed como por los guardias, polic\u00eda y rehenes involucrados aquel d\u00eda.<\/p>\n<p>La misma es una producci\u00f3n de\u00a0Anima Films, Marvista Entertainment\u00a0y\u00a0AZ Films, con\u00a0Sebasti\u00e1n Gamba\u00a0como productor y direcci\u00f3n de\u00a0Mat\u00edas Gueilburt, quienes ya han trabajado juntos en la realizaci\u00f3n de Vilas: Ser\u00e1s lo que debas ser o no ser\u00e1s nada.<\/p>\n<p><iframe loading=\"lazy\" width=\"560\" height=\"315\" src=\"https:\/\/www.youtube.com\/embed\/AAuNAbQ-auI\" title=\"YouTube video player\" frameborder=\"0\" allow=\"accelerometer; autoplay; clipboard-write; encrypted-media; gyroscope; picture-in-picture\" allowfullscreen><\/iframe><\/p>\n","protected":false},"excerpt":{"rendered":"<p>Por primera vez en una producci\u00f3n audiovisual los ladrones relatan y recrean las escenas sobre c\u00f3mo planearon el asalto de la sucursal de Acassuso en 2006.\u00a0 Finalmente,\u00a0Netflix\u00a0anunci\u00f3\u00a0el estreno de su nueva pel\u00edcula documental\u00a0Los Ladrones: La verdadera historia del robo del siglo, que estar\u00e1 disponible en todo el mundo a partir del\u00a010 de agosto. A 16 [&hellip;]<\/p>\n","protected":false},"author":1,"featured_media":95253,"comment_status":"closed","ping_status":"closed","sticky":false,"template":"","format":"standard","meta":{"_seopress_robots_primary_cat":"","_seopress_titles_title":"","_seopress_titles_desc":"","_seopress_robots_index":"","footnotes":""},"categories":[3],"tags":[24473,35551,35553,35552],"class_list":{"0":"post-95249","1":"post","2":"type-post","3":"status-publish","4":"format-standard","5":"has-post-thumbnail","7":"category-cine-y-series","8":"tag-el-robo-del-siglo","9":"tag-los-ladrones-la-verdadera-historia-del-robo-del-siglo","10":"tag-los-ladrones-la-verdadera-historia-del-robo-del-siglo-trailer","11":"tag-trailer-de-los-ladrones-la-verdadera-historia-del-robo-del-siglo"},"_links":{"self":[{"href":"https:\/\/www.cordobatimes.com\/showup\/wp-json\/wp\/v2\/posts\/95249","targetHints":{"allow":["GET"]}}],"collection":[{"href":"https:\/\/www.cordobatimes.com\/showup\/wp-json\/wp\/v2\/posts"}],"about":[{"href":"https:\/\/www.cordobatimes.com\/showup\/wp-json\/wp\/v2\/types\/post"}],"author":[{"embeddable":true,"href":"https:\/\/www.cordobatimes.com\/showup\/wp-json\/wp\/v2\/users\/1"}],"replies":[{"embeddable":true,"href":"https:\/\/www.cordobatimes.com\/showup\/wp-json\/wp\/v2\/comments?post=95249"}],"version-history":[{"count":0,"href":"https:\/\/www.cordobatimes.com\/showup\/wp-json\/wp\/v2\/posts\/95249\/revisions"}],"wp:featuredmedia":[{"embeddable":true,"href":"https:\/\/www.cordobatimes.com\/showup\/wp-json\/wp\/v2\/media\/95253"}],"wp:attachment":[{"href":"https:\/\/www.cordobatimes.com\/showup\/wp-json\/wp\/v2\/media?parent=95249"}],"wp:term":[{"taxonomy":"category","embeddable":true,"href":"https:\/\/www.cordobatimes.com\/showup\/wp-json\/wp\/v2\/categories?post=95249"},{"taxonomy":"post_tag","embeddable":true,"href":"https:\/\/www.cordobatimes.com\/showup\/wp-json\/wp\/v2\/tags?post=95249"}],"curies":[{"name":"wp","href":"https:\/\/api.w.org\/{rel}","templated":true}]}}