{"id":95245,"date":"2022-07-14T11:11:46","date_gmt":"2022-07-14T14:11:46","guid":{"rendered":"https:\/\/www.cordobatimes.com\/showup\/?p=95245"},"modified":"2022-07-14T11:11:46","modified_gmt":"2022-07-14T14:11:46","slug":"el-senor-de-los-anillos-los-anillos-de-poder-estreno-trailer","status":"publish","type":"post","link":"https:\/\/www.cordobatimes.com\/showup\/cine-y-series\/2022\/07\/14\/el-senor-de-los-anillos-los-anillos-de-poder-estreno-trailer\/","title":{"rendered":"\u201cEl se\u00f1or de los anillos: los anillos de poder\u201d estren\u00f3  tr\u00e1iler"},"content":{"rendered":"<h3><strong>La nueva serie del universo J.R.R. Tolkien se ambienta miles de a\u00f1os antes de los eventos originales de \u201cEl Hobbit\u201d y \u201cEl se\u00f1or de los anillos\u201d.<\/strong><\/h3>\n<p>Este jueves, Prime Video dio a conocer el teaser tr\u00e1iler de la serie El se\u00f1or de los anillos: los anillos del poder, una historia que se sit\u00faa miles de a\u00f1os antes de los eventos de El Hobbit y El se\u00f1or de los anillos, y forma parte del universo de J.R.R. Tolkien. En esta traves\u00eda, conoceremos los eventos de la Segunda Era de la Tierra Media, en la cual se forjaron grandes poderes, se alzaron y cayeron reinos, y nacieron h\u00e9roes mientras el m\u00e1s grande villano de esta saga amenazaba nuevamente con destruirlo todo.<\/p>\n<p><iframe loading=\"lazy\" width=\"560\" height=\"315\" src=\"https:\/\/www.youtube.com\/embed\/6Oc29-rBUDU\" title=\"YouTube video player\" frameborder=\"0\" allow=\"accelerometer; autoplay; clipboard-write; encrypted-media; gyroscope; picture-in-picture\" allowfullscreen><\/iframe><\/p>\n","protected":false},"excerpt":{"rendered":"<p>La nueva serie del universo J.R.R. Tolkien se ambienta miles de a\u00f1os antes de los eventos originales de \u201cEl Hobbit\u201d y \u201cEl se\u00f1or de los anillos\u201d. Este jueves, Prime Video dio a conocer el teaser tr\u00e1iler de la serie El se\u00f1or de los anillos: los anillos del poder, una historia que se sit\u00faa miles de [&hellip;]<\/p>\n","protected":false},"author":1,"featured_media":95246,"comment_status":"closed","ping_status":"closed","sticky":false,"template":"","format":"standard","meta":{"_seopress_robots_primary_cat":"","_seopress_titles_title":"","_seopress_titles_desc":"","_seopress_robots_index":"","footnotes":""},"categories":[3],"tags":[35549,35550],"class_list":{"0":"post-95245","1":"post","2":"type-post","3":"status-publish","4":"format-standard","5":"has-post-thumbnail","7":"category-cine-y-series","8":"tag-el-senor-de-los-anillos-los-anillos-de-poder","9":"tag-trailer-de-el-senor-de-los-anillos-los-anillos-de-poder"},"_links":{"self":[{"href":"https:\/\/www.cordobatimes.com\/showup\/wp-json\/wp\/v2\/posts\/95245","targetHints":{"allow":["GET"]}}],"collection":[{"href":"https:\/\/www.cordobatimes.com\/showup\/wp-json\/wp\/v2\/posts"}],"about":[{"href":"https:\/\/www.cordobatimes.com\/showup\/wp-json\/wp\/v2\/types\/post"}],"author":[{"embeddable":true,"href":"https:\/\/www.cordobatimes.com\/showup\/wp-json\/wp\/v2\/users\/1"}],"replies":[{"embeddable":true,"href":"https:\/\/www.cordobatimes.com\/showup\/wp-json\/wp\/v2\/comments?post=95245"}],"version-history":[{"count":0,"href":"https:\/\/www.cordobatimes.com\/showup\/wp-json\/wp\/v2\/posts\/95245\/revisions"}],"wp:featuredmedia":[{"embeddable":true,"href":"https:\/\/www.cordobatimes.com\/showup\/wp-json\/wp\/v2\/media\/95246"}],"wp:attachment":[{"href":"https:\/\/www.cordobatimes.com\/showup\/wp-json\/wp\/v2\/media?parent=95245"}],"wp:term":[{"taxonomy":"category","embeddable":true,"href":"https:\/\/www.cordobatimes.com\/showup\/wp-json\/wp\/v2\/categories?post=95245"},{"taxonomy":"post_tag","embeddable":true,"href":"https:\/\/www.cordobatimes.com\/showup\/wp-json\/wp\/v2\/tags?post=95245"}],"curies":[{"name":"wp","href":"https:\/\/api.w.org\/{rel}","templated":true}]}}