{"id":95234,"date":"2022-07-14T10:09:27","date_gmt":"2022-07-14T13:09:27","guid":{"rendered":"https:\/\/www.cordobatimes.com\/showup\/?p=95234"},"modified":"2022-07-14T10:09:27","modified_gmt":"2022-07-14T13:09:27","slug":"angela-torres-lanzo-sus-nuevos-temas-previo-a-su-show-de-tecnopolis","status":"publish","type":"post","link":"https:\/\/www.cordobatimes.com\/showup\/musica\/2022\/07\/14\/angela-torres-lanzo-sus-nuevos-temas-previo-a-su-show-de-tecnopolis\/","title":{"rendered":"\u00c1ngela Torres lanz\u00f3 sus nuevos temas previo a su show de Tecn\u00f3polis"},"content":{"rendered":"<h3><strong>La artista anunci\u00f3 por redes sociales su primera presentaci\u00f3n en vivo y sac\u00f3 tres nuevas canciones.<\/strong><\/h3>\n<p>En las \u00faltimas horas,\u00a0\u00c1ngela Torres dio una noticia que enloqueci\u00f3 a sus fan\u00e1ticos.\u00a0La hija de Gloria Carra lanzar\u00e1 por primera vez tres sencillos de su autor\u00eda y los presentar\u00e1 en vivo en Tecn\u00f3polis, el pr\u00f3ximo 16 y 17 de julio con entrada gratuita.<br \/>\n\u00abMe va muy bien\u00bb, \u00abDeja Vu\u00bb y \u00abMe di cuenta\u00bb, ya est\u00e1n disponibles\u00a0en todas las plataformas digitales para ser escuchadas. Por otro lado, la joven cantante se presentar\u00e1 en Tecn\u00f3polis, lo que ser\u00e1 su primera presentaci\u00f3n en vivo y estar\u00e1 acompa\u00f1ada por grandes cantantes de Trap.<\/p>\n<p><iframe loading=\"lazy\" width=\"560\" height=\"315\" src=\"https:\/\/www.youtube.com\/embed\/tarknzw52Mc\" title=\"YouTube video player\" frameborder=\"0\" allow=\"accelerometer; autoplay; clipboard-write; encrypted-media; gyroscope; picture-in-picture\" allowfullscreen><\/iframe><\/p>\n","protected":false},"excerpt":{"rendered":"<p>La artista anunci\u00f3 por redes sociales su primera presentaci\u00f3n en vivo y sac\u00f3 tres nuevas canciones. En las \u00faltimas horas,\u00a0\u00c1ngela Torres dio una noticia que enloqueci\u00f3 a sus fan\u00e1ticos.\u00a0La hija de Gloria Carra lanzar\u00e1 por primera vez tres sencillos de su autor\u00eda y los presentar\u00e1 en vivo en Tecn\u00f3polis, el pr\u00f3ximo 16 y 17 de [&hellip;]<\/p>\n","protected":false},"author":1,"featured_media":95235,"comment_status":"closed","ping_status":"closed","sticky":false,"template":"","format":"standard","meta":{"_seopress_robots_primary_cat":"","_seopress_titles_title":"","_seopress_titles_desc":"","_seopress_robots_index":"","footnotes":""},"categories":[5],"tags":[35545,35546],"class_list":{"0":"post-95234","1":"post","2":"type-post","3":"status-publish","4":"format-standard","5":"has-post-thumbnail","7":"category-musica","8":"tag-angela-torres-canciones-nuevas","9":"tag-angela-torres-me-va-muy-bien"},"_links":{"self":[{"href":"https:\/\/www.cordobatimes.com\/showup\/wp-json\/wp\/v2\/posts\/95234","targetHints":{"allow":["GET"]}}],"collection":[{"href":"https:\/\/www.cordobatimes.com\/showup\/wp-json\/wp\/v2\/posts"}],"about":[{"href":"https:\/\/www.cordobatimes.com\/showup\/wp-json\/wp\/v2\/types\/post"}],"author":[{"embeddable":true,"href":"https:\/\/www.cordobatimes.com\/showup\/wp-json\/wp\/v2\/users\/1"}],"replies":[{"embeddable":true,"href":"https:\/\/www.cordobatimes.com\/showup\/wp-json\/wp\/v2\/comments?post=95234"}],"version-history":[{"count":0,"href":"https:\/\/www.cordobatimes.com\/showup\/wp-json\/wp\/v2\/posts\/95234\/revisions"}],"wp:featuredmedia":[{"embeddable":true,"href":"https:\/\/www.cordobatimes.com\/showup\/wp-json\/wp\/v2\/media\/95235"}],"wp:attachment":[{"href":"https:\/\/www.cordobatimes.com\/showup\/wp-json\/wp\/v2\/media?parent=95234"}],"wp:term":[{"taxonomy":"category","embeddable":true,"href":"https:\/\/www.cordobatimes.com\/showup\/wp-json\/wp\/v2\/categories?post=95234"},{"taxonomy":"post_tag","embeddable":true,"href":"https:\/\/www.cordobatimes.com\/showup\/wp-json\/wp\/v2\/tags?post=95234"}],"curies":[{"name":"wp","href":"https:\/\/api.w.org\/{rel}","templated":true}]}}