{"id":95230,"date":"2022-07-14T09:13:40","date_gmt":"2022-07-14T12:13:40","guid":{"rendered":"https:\/\/www.cordobatimes.com\/showup\/?p=95230"},"modified":"2022-07-14T09:13:40","modified_gmt":"2022-07-14T12:13:40","slug":"la-huerfana-2-mira-el-oscuro-trailer","status":"publish","type":"post","link":"https:\/\/www.cordobatimes.com\/showup\/cine-y-series\/2022\/07\/14\/la-huerfana-2-mira-el-oscuro-trailer\/","title":{"rendered":"\u201cLa hu\u00e9rfana 2\u201d: mira el oscuro tr\u00e1iler"},"content":{"rendered":"<h3><strong>Isabelle Fuhrman retoma su papel como la ni\u00f1a asesina que conocimos en la pel\u00edcula original de 2009<\/strong><\/h3>\n<p>Este mi\u00e9rcoles 13 de julio,\u00a0Paramount+\u00a0public\u00f3 el tr\u00e1iler oficial de\u00a0La hu\u00e9rfana 2\u00a0(Orphan: First Kill), la pel\u00edcula que explicar\u00e1 el origen de Esther (Leena Klammer), la ni\u00f1a asesina que volver\u00e1 a ser interpretada por\u00a0Isabelle Fuhrman. Dirigida por William Brent Bell (Con el diablo adentro) y escrita por David Coggeshall, la historia consiste en una precuela de la cinta original que se lanz\u00f3 en 2009. Asimismo, la plataforma\u00a0streaming\u00a0dio a conocer el p\u00f3ster oficial y la fecha de estreno.<\/p>\n<p>La aterradora saga de Esther contin\u00faa en esta emocionante precuela del original e impactante \u00e9xito de terror, Orphan. Despu\u00e9s de orquestar una fuga brillante de un centro psiqui\u00e1trico de Estonia, Esther viaja a Estados Unidos haci\u00e9ndose pasar por la hija desaparecida de una familia adinerada. Sin embargo, surge un giro inesperado que la enfrenta a una madre que proteger\u00e1 a su familia de la \u2018ni\u00f1a\u2019 asesina a toda costa\u201d, sostiene la sinopsis oficial.<\/p>\n<p><iframe loading=\"lazy\" width=\"560\" height=\"315\" src=\"https:\/\/www.youtube.com\/embed\/H5gWUX2FwRs\" title=\"YouTube video player\" frameborder=\"0\" allow=\"accelerometer; autoplay; clipboard-write; encrypted-media; gyroscope; picture-in-picture\" allowfullscreen><\/iframe><\/p>\n","protected":false},"excerpt":{"rendered":"<p>Isabelle Fuhrman retoma su papel como la ni\u00f1a asesina que conocimos en la pel\u00edcula original de 2009 Este mi\u00e9rcoles 13 de julio,\u00a0Paramount+\u00a0public\u00f3 el tr\u00e1iler oficial de\u00a0La hu\u00e9rfana 2\u00a0(Orphan: First Kill), la pel\u00edcula que explicar\u00e1 el origen de Esther (Leena Klammer), la ni\u00f1a asesina que volver\u00e1 a ser interpretada por\u00a0Isabelle Fuhrman. Dirigida por William Brent Bell [&hellip;]<\/p>\n","protected":false},"author":1,"featured_media":95231,"comment_status":"closed","ping_status":"closed","sticky":false,"template":"","format":"standard","meta":{"_seopress_robots_primary_cat":"","_seopress_titles_title":"","_seopress_titles_desc":"","_seopress_robots_index":"","footnotes":""},"categories":[3],"tags":[35543,35544],"class_list":{"0":"post-95230","1":"post","2":"type-post","3":"status-publish","4":"format-standard","5":"has-post-thumbnail","7":"category-cine-y-series","8":"tag-la-huerfana-2","9":"tag-trailer-de-la-huerfana-2"},"_links":{"self":[{"href":"https:\/\/www.cordobatimes.com\/showup\/wp-json\/wp\/v2\/posts\/95230","targetHints":{"allow":["GET"]}}],"collection":[{"href":"https:\/\/www.cordobatimes.com\/showup\/wp-json\/wp\/v2\/posts"}],"about":[{"href":"https:\/\/www.cordobatimes.com\/showup\/wp-json\/wp\/v2\/types\/post"}],"author":[{"embeddable":true,"href":"https:\/\/www.cordobatimes.com\/showup\/wp-json\/wp\/v2\/users\/1"}],"replies":[{"embeddable":true,"href":"https:\/\/www.cordobatimes.com\/showup\/wp-json\/wp\/v2\/comments?post=95230"}],"version-history":[{"count":0,"href":"https:\/\/www.cordobatimes.com\/showup\/wp-json\/wp\/v2\/posts\/95230\/revisions"}],"wp:featuredmedia":[{"embeddable":true,"href":"https:\/\/www.cordobatimes.com\/showup\/wp-json\/wp\/v2\/media\/95231"}],"wp:attachment":[{"href":"https:\/\/www.cordobatimes.com\/showup\/wp-json\/wp\/v2\/media?parent=95230"}],"wp:term":[{"taxonomy":"category","embeddable":true,"href":"https:\/\/www.cordobatimes.com\/showup\/wp-json\/wp\/v2\/categories?post=95230"},{"taxonomy":"post_tag","embeddable":true,"href":"https:\/\/www.cordobatimes.com\/showup\/wp-json\/wp\/v2\/tags?post=95230"}],"curies":[{"name":"wp","href":"https:\/\/api.w.org\/{rel}","templated":true}]}}