{"id":95163,"date":"2022-07-06T11:15:37","date_gmt":"2022-07-06T14:15:37","guid":{"rendered":"https:\/\/www.cordobatimes.com\/showup\/?p=95163"},"modified":"2022-07-06T11:15:37","modified_gmt":"2022-07-06T14:15:37","slug":"juan-minujin-esta-filmando-con-angelina-jolie","status":"publish","type":"post","link":"https:\/\/www.cordobatimes.com\/showup\/cine-y-series\/2022\/07\/06\/juan-minujin-esta-filmando-con-angelina-jolie\/","title":{"rendered":"Juan Minujin est\u00e1 filmando con Angelina Jolie"},"content":{"rendered":"<h3><strong>El actor se encuentra en Roma grabando una nueva pel\u00edcula y al parecer, una de sus compa\u00f1eras ser\u00eda actriz estadounidense.<\/strong><\/h3>\n<p>Juan Minujin\u00a0no ha parado de hacer un \u00e9xito tras otro y en los \u00faltimos meses ha estado de estreno en estreno. Uno de sus proyectos m\u00e1s esperados fue el final de El Marginal, la serie argentina que gener\u00f3 furor en el mundo. Adem\u00e1s, estren\u00f3 la pel\u00edcula La ira de Dios y termin\u00f3 las grabaciones del film Matrimillas, junto a\u00a0Luisana Lopilato.<\/p>\n<p>Como era de esperarse,\u00a0Minujin\u00a0parece no descansar y ya se encuentra en Roma filmando un proyecto internacional muy importante. Seg\u00fan revelaron en LAM, el actor estar\u00eda compartiendo sus d\u00edas de trabajo junto a\u00a0Angelina Jolie. Algo que aclararon es que no es el coprotagonista pero s\u00ed interpreta un personaje importante.<\/p>\n<p><img alt=\"\" loading=\"lazy\" decoding=\"async\" class=\"alignnone size-medium wp-image-95165\" src=\"https:\/\/www.cordobatimes.com\/showup\/wp-content\/uploads\/2022\/07\/Pantallazo-06-07-2022-11.09.51-666x420.jpg\" alt=\"\" width=\"666\" height=\"420\" srcset=\"https:\/\/www.cordobatimes.com\/showup\/wp-content\/uploads\/2022\/07\/Pantallazo-06-07-2022-11.09.51-666x420.jpg 666w, https:\/\/www.cordobatimes.com\/showup\/wp-content\/uploads\/2022\/07\/Pantallazo-06-07-2022-11.09.51-768x484.jpg 768w, https:\/\/www.cordobatimes.com\/showup\/wp-content\/uploads\/2022\/07\/Pantallazo-06-07-2022-11.09.51-696x439.jpg 696w, https:\/\/www.cordobatimes.com\/showup\/wp-content\/uploads\/2022\/07\/Pantallazo-06-07-2022-11.09.51.jpg 901w\" sizes=\"auto, (max-width: 666px) 100vw, 666px\" \/><\/p>\n<p>\u00abRoma. \u00a1Tan feliz con esta nueva aventura de filmar una pel\u00edcula ac\u00e1!\u00bb, comenz\u00f3 diciendo\u00a0Minujin\u00a0en una de sus publicaciones de Instagram.\u00a0\u00abNo puedo estar m\u00e1s agradecido con esta profesi\u00f3n que me ha llevado y me lleva a recorrer tantos lugares y experiencias nuevas\u00bb, expres\u00f3 el actor, donde tambi\u00e9n aclar\u00f3 que no puede revelar nada m\u00e1s de ese proyecto por lo que no nombr\u00f3 a su presunta compa\u00f1era.<\/p>\n<p><img alt=\"\" loading=\"lazy\" decoding=\"async\" class=\"alignnone size-medium wp-image-95166\" src=\"https:\/\/www.cordobatimes.com\/showup\/wp-content\/uploads\/2022\/07\/Pantallazo-06-07-2022-11.11.31-634x420.jpg\" alt=\"\" width=\"634\" height=\"420\" srcset=\"https:\/\/www.cordobatimes.com\/showup\/wp-content\/uploads\/2022\/07\/Pantallazo-06-07-2022-11.11.31-634x420.jpg 634w, https:\/\/www.cordobatimes.com\/showup\/wp-content\/uploads\/2022\/07\/Pantallazo-06-07-2022-11.11.31-768x509.jpg 768w, https:\/\/www.cordobatimes.com\/showup\/wp-content\/uploads\/2022\/07\/Pantallazo-06-07-2022-11.11.31-696x461.jpg 696w, https:\/\/www.cordobatimes.com\/showup\/wp-content\/uploads\/2022\/07\/Pantallazo-06-07-2022-11.11.31.jpg 907w\" sizes=\"auto, (max-width: 634px) 100vw, 634px\" \/>Si buscamos entre los proyectos que esta realizando actualmente la actriz estadounidense, este nuevo trabajo de Minujin ser\u00eda formar parte de la pel\u00edcula Without Blood. Aqu\u00ed Jolie no ser\u00eda actriz sino que tomar\u00eda el rol de directora y Salma Hayek, es quien ocupar\u00eda el lugar de protagonista. Esta informaci\u00f3n fue conocida gracias a algunas fotos donde se ve a las dos mujeres en sus respectivos roles, grabando en las calles de Roma.<\/p>\n","protected":false},"excerpt":{"rendered":"<p>El actor se encuentra en Roma grabando una nueva pel\u00edcula y al parecer, una de sus compa\u00f1eras ser\u00eda actriz estadounidense. Juan Minujin\u00a0no ha parado de hacer un \u00e9xito tras otro y en los \u00faltimos meses ha estado de estreno en estreno. Uno de sus proyectos m\u00e1s esperados fue el final de El Marginal, la serie [&hellip;]<\/p>\n","protected":false},"author":1,"featured_media":95164,"comment_status":"closed","ping_status":"closed","sticky":false,"template":"","format":"standard","meta":{"_seopress_robots_primary_cat":"","_seopress_titles_title":"","_seopress_titles_desc":"","_seopress_robots_index":"","footnotes":""},"categories":[3],"tags":[35510,35511],"class_list":{"0":"post-95163","1":"post","2":"type-post","3":"status-publish","4":"format-standard","5":"has-post-thumbnail","7":"category-cine-y-series","8":"tag-juan-minujin-y-angelina-jolie","9":"tag-pelicula-de-juan-minujin-y-angelina-jolie"},"_links":{"self":[{"href":"https:\/\/www.cordobatimes.com\/showup\/wp-json\/wp\/v2\/posts\/95163","targetHints":{"allow":["GET"]}}],"collection":[{"href":"https:\/\/www.cordobatimes.com\/showup\/wp-json\/wp\/v2\/posts"}],"about":[{"href":"https:\/\/www.cordobatimes.com\/showup\/wp-json\/wp\/v2\/types\/post"}],"author":[{"embeddable":true,"href":"https:\/\/www.cordobatimes.com\/showup\/wp-json\/wp\/v2\/users\/1"}],"replies":[{"embeddable":true,"href":"https:\/\/www.cordobatimes.com\/showup\/wp-json\/wp\/v2\/comments?post=95163"}],"version-history":[{"count":0,"href":"https:\/\/www.cordobatimes.com\/showup\/wp-json\/wp\/v2\/posts\/95163\/revisions"}],"wp:featuredmedia":[{"embeddable":true,"href":"https:\/\/www.cordobatimes.com\/showup\/wp-json\/wp\/v2\/media\/95164"}],"wp:attachment":[{"href":"https:\/\/www.cordobatimes.com\/showup\/wp-json\/wp\/v2\/media?parent=95163"}],"wp:term":[{"taxonomy":"category","embeddable":true,"href":"https:\/\/www.cordobatimes.com\/showup\/wp-json\/wp\/v2\/categories?post=95163"},{"taxonomy":"post_tag","embeddable":true,"href":"https:\/\/www.cordobatimes.com\/showup\/wp-json\/wp\/v2\/tags?post=95163"}],"curies":[{"name":"wp","href":"https:\/\/api.w.org\/{rel}","templated":true}]}}