{"id":95135,"date":"2022-07-05T11:32:54","date_gmt":"2022-07-05T14:32:54","guid":{"rendered":"https:\/\/www.cordobatimes.com\/showup\/?p=95135"},"modified":"2022-07-05T11:32:54","modified_gmt":"2022-07-05T14:32:54","slug":"acusan-a-los-palmeras-de-plagio","status":"publish","type":"post","link":"https:\/\/www.cordobatimes.com\/showup\/musica\/2022\/07\/05\/acusan-a-los-palmeras-de-plagio\/","title":{"rendered":"Acusan a Los Palmeras de plagio"},"content":{"rendered":"<h3><strong>La banda de cumbia santafecina fue denunciada por ocultar los derechos de autor del tema \u201cAsesina\u201d y tendr\u00e1n que pagar una abultada suma<\/strong><\/h3>\n<p>La banda santafecina fue denunciada por plagiar el tema \u201cAsesina\u201d. Este lunes, el abogado de V\u00edctor \u201cTolo\u201d Rodr\u00edguez -l\u00edder de Los Cumbieros y autor de la canci\u00f3n en disputa- apunt\u00f3 contra los m\u00fasicos y asegur\u00f3 que la demanda es por m\u00e1s de 22 millones de pesos.<\/p>\n<p>\u201cLos Cumbieros salieron a denunciar a Los Palmeras de plagio. Dicen que el tema \u2018Asesina\u2019 es un de ellos y los demandan por utilizar su canci\u00f3n. Hasta que no paguen, quieren embargar al grupo santafesino\u201d, cont\u00f3 el panelista Ariel Wolman en\u00a0Nosotros a la ma\u00f1ana\u00a0mientras el tema en discusi\u00f3n sonaba de fondo.<\/p>\n<p>Minutos despu\u00e9s, Pablo Boggio -el abogado del l\u00edder de Los Cumbieros- se comunic\u00f3 con el ciclo de eltrece para explicar en detalle la situaci\u00f3n. \u201cLo represento al Tolo Rodr\u00edguez que es el l\u00edder de la banda; \u00e9l tiene registrada la canci\u00f3n desde 2012 en la Direcci\u00f3n Nacional de Derechos de Autor y pocos meses despu\u00e9s en SADAIC. La demanda es por 22 millones de pesos y ahora habr\u00eda que actualizarla\u201d, indic\u00f3.<\/p>\n<p>Tras aclarar que el embargo ya est\u00e1 trabado, el letrado revel\u00f3 cu\u00e1l es el reclamo de su cliente. \u201cNo estamos pidiendo dinero que SADAIC no pag\u00f3, sino que reclamamos la violaci\u00f3n de los derechos de la obra. Los Palmeras se han encargado de ocultar qui\u00e9n es el autor de \u2018Asesina\u2019 de manera sistem\u00e1tica. En dos de sus discos m\u00e1s vendidos de su historia como banda,\u00a0La Filarm\u00f3nica\u00a0y\u00a0Sean Eternos Los Palmeras, donde graban la canci\u00f3n con Andr\u00e9s Calamaro, en los cr\u00e9ditos, en vez de otorgarle el cr\u00e9dito correspondiente a mi cliente -que es 100 por ciento autor de letra y m\u00fasica- se lo otorgan a dos desconocidos. Se equivocan dos veces seguidas en los dos discos m\u00e1s vendidos de la banda\u201d, se\u00f1al\u00f3.<\/p>\n<p>\u201cSumale a esto que en el 99 por ciento de sus presentaciones no dicen que cantaron la canci\u00f3n de mi cliente. Y lo \u00faltimo, la canci\u00f3n tiene 30 millones de bajadas en las plataformas digitales, figurando como artistas Los Palmeras y Calamaro.\u00a0Lo que pasa con mi cliente es que sistem\u00e1ticamente se esconde la autor\u00eda. El derecho que tiene mi cliente es que cuando la obra circula, vaya acompa\u00f1ada de su nombre\u201d, remat\u00f3 molesto.<\/p>\n<p>Respecto al monto exigido en la demanda, Boggio cont\u00f3 que fue muy dif\u00edcil establecerlo, ya que no hay precedentes en el pa\u00eds. \u201cEn nuestro caso, no hay precedente con una canci\u00f3n, y como se viraliz\u00f3 en plataformas digitales es dif\u00edcil medir el da\u00f1o. As\u00ed que le pedimos un peso por cada reproducci\u00f3n que tuvo la canci\u00f3n en plataformas digitales. Al momento de inicio de la demanda hab\u00edamos constado 21.780.000 bajadas (ahora son casi 30 millones), entonces en ese momento fijamos el monto en 22 millones. Pero fue muy dif\u00edcil monetizarlo\u201d, explic\u00f3.<\/p>\n<p>Por \u00faltimo, el abogado revel\u00f3 lo que este hecho signific\u00f3 para su cliente. \u201cEsto que al principio fue muy lindo, que los m\u00e1ximos referentes de la cumbia toquen tu canci\u00f3n, se termin\u00f3 convirtiendo en una pesadilla porque en los recitales propios de Los Cumbieros donde tocan \u2018Asesina\u2019 y cuentan que la canci\u00f3n es suya son abucheados\u201d, concluy\u00f3 dando cuenta del da\u00f1o art\u00edstico ocasionado.<\/p>\n<p><iframe loading=\"lazy\" title=\"YouTube video player\" src=\"https:\/\/www.youtube.com\/embed\/aCyga__HDPY\" width=\"560\" height=\"315\" frameborder=\"0\" allowfullscreen=\"allowfullscreen\"><\/iframe><\/p>\n","protected":false},"excerpt":{"rendered":"<p>La banda de cumbia santafecina fue denunciada por ocultar los derechos de autor del tema \u201cAsesina\u201d y tendr\u00e1n que pagar una abultada suma La banda santafecina fue denunciada por plagiar el tema \u201cAsesina\u201d. Este lunes, el abogado de V\u00edctor \u201cTolo\u201d Rodr\u00edguez -l\u00edder de Los Cumbieros y autor de la canci\u00f3n en disputa- apunt\u00f3 contra los [&hellip;]<\/p>\n","protected":false},"author":1,"featured_media":95136,"comment_status":"closed","ping_status":"closed","sticky":false,"template":"","format":"standard","meta":{"_seopress_robots_primary_cat":"","_seopress_titles_title":"","_seopress_titles_desc":"","_seopress_robots_index":"","footnotes":""},"categories":[5],"tags":[35495,35497,35494,35496,35493],"class_list":{"0":"post-95135","1":"post","2":"type-post","3":"status-publish","4":"format-standard","5":"has-post-thumbnail","7":"category-musica","8":"tag-los-palmeras-asesina-plagio","9":"tag-los-palmeras-demanda","10":"tag-los-palmeras-derechos-de-autor-del-tema-asesina","11":"tag-los-palmeras-los-cumbieros-demanda","12":"tag-los-palmeras-plagio"},"_links":{"self":[{"href":"https:\/\/www.cordobatimes.com\/showup\/wp-json\/wp\/v2\/posts\/95135","targetHints":{"allow":["GET"]}}],"collection":[{"href":"https:\/\/www.cordobatimes.com\/showup\/wp-json\/wp\/v2\/posts"}],"about":[{"href":"https:\/\/www.cordobatimes.com\/showup\/wp-json\/wp\/v2\/types\/post"}],"author":[{"embeddable":true,"href":"https:\/\/www.cordobatimes.com\/showup\/wp-json\/wp\/v2\/users\/1"}],"replies":[{"embeddable":true,"href":"https:\/\/www.cordobatimes.com\/showup\/wp-json\/wp\/v2\/comments?post=95135"}],"version-history":[{"count":0,"href":"https:\/\/www.cordobatimes.com\/showup\/wp-json\/wp\/v2\/posts\/95135\/revisions"}],"wp:featuredmedia":[{"embeddable":true,"href":"https:\/\/www.cordobatimes.com\/showup\/wp-json\/wp\/v2\/media\/95136"}],"wp:attachment":[{"href":"https:\/\/www.cordobatimes.com\/showup\/wp-json\/wp\/v2\/media?parent=95135"}],"wp:term":[{"taxonomy":"category","embeddable":true,"href":"https:\/\/www.cordobatimes.com\/showup\/wp-json\/wp\/v2\/categories?post=95135"},{"taxonomy":"post_tag","embeddable":true,"href":"https:\/\/www.cordobatimes.com\/showup\/wp-json\/wp\/v2\/tags?post=95135"}],"curies":[{"name":"wp","href":"https:\/\/api.w.org\/{rel}","templated":true}]}}