{"id":95131,"date":"2022-07-05T11:08:09","date_gmt":"2022-07-05T14:08:09","guid":{"rendered":"https:\/\/www.cordobatimes.com\/showup\/?p=95131"},"modified":"2022-07-05T11:08:09","modified_gmt":"2022-07-05T14:08:09","slug":"abel-pintos-tocara-en-el-kempes","status":"publish","type":"post","link":"https:\/\/www.cordobatimes.com\/showup\/agenda\/2022\/07\/05\/abel-pintos-tocara-en-el-kempes\/","title":{"rendered":"Abel Pintos tocar\u00e1 en el Kempes"},"content":{"rendered":"<h3><strong>El cantante vuelve a C\u00f3rdoba y se presentar\u00e1 en el\u00a0 con un gran espect\u00e1culo \u00abAbel 22 en concierto\u00bb.<\/strong><\/h3>\n<p>\u00abSe pic\u00f3 C\u00f3rdoba; la familia copa el Kempes por primera vez\u00bb escribi\u00f3 en sus redes, anunciando que la fecha es el 12 de noviembre.<\/p>\n<p>Abel llegar\u00e1 por primera vez con un show propio al Estadio Kempes, donde s\u00ed se hab\u00eda presentado en otro tipo de eventos como la fiesta del D\u00eda del Ni\u00f1o.<\/p>\n<p>La venta de entradas a\u00fan no est\u00e1 disponible, seg\u00fan escribi\u00f3 el bahiense en la publicaci\u00f3n: \u201cEn estos d\u00edas les cuento cu\u00e1ndo y c\u00f3mo se van a conseguir las entradas\u201d. Sin embargo, trascendi\u00f3 que la pre-venta comenzar\u00eda el 7 de julio y ser\u00e1 exclusiva para clientes de Tarjeta Cordobesa.<\/p>\n<p>Jos\u00e9 Palazzo, productor del evento, detall\u00f3\u00a0 que los tickets arrancar\u00edan desde los 5.000 pesos y que la disposici\u00f3n del escenario en el Kempes ser\u00e1 igual a la que se prepara para el show de Joan Manuel Serrat.<\/p>\n<p><img alt=\"\" loading=\"lazy\" decoding=\"async\" class=\"alignnone size-medium wp-image-95133\" src=\"https:\/\/www.cordobatimes.com\/showup\/wp-content\/uploads\/2022\/07\/Pantallazo-05-07-2022-11.07.23-634x420.jpg\" alt=\"\" width=\"634\" height=\"420\" srcset=\"https:\/\/www.cordobatimes.com\/showup\/wp-content\/uploads\/2022\/07\/Pantallazo-05-07-2022-11.07.23-634x420.jpg 634w, https:\/\/www.cordobatimes.com\/showup\/wp-content\/uploads\/2022\/07\/Pantallazo-05-07-2022-11.07.23-768x509.jpg 768w, https:\/\/www.cordobatimes.com\/showup\/wp-content\/uploads\/2022\/07\/Pantallazo-05-07-2022-11.07.23-696x461.jpg 696w, https:\/\/www.cordobatimes.com\/showup\/wp-content\/uploads\/2022\/07\/Pantallazo-05-07-2022-11.07.23.jpg 797w\" sizes=\"auto, (max-width: 634px) 100vw, 634px\" \/><\/p>\n","protected":false},"excerpt":{"rendered":"<p>El cantante vuelve a C\u00f3rdoba y se presentar\u00e1 en el\u00a0 con un gran espect\u00e1culo \u00abAbel 22 en concierto\u00bb. \u00abSe pic\u00f3 C\u00f3rdoba; la familia copa el Kempes por primera vez\u00bb escribi\u00f3 en sus redes, anunciando que la fecha es el 12 de noviembre. Abel llegar\u00e1 por primera vez con un show propio al Estadio Kempes, donde [&hellip;]<\/p>\n","protected":false},"author":1,"featured_media":95132,"comment_status":"closed","ping_status":"closed","sticky":false,"template":"","format":"standard","meta":{"_seopress_robots_primary_cat":"","_seopress_titles_title":"","_seopress_titles_desc":"","_seopress_robots_index":"","footnotes":""},"categories":[6],"tags":[10396,35492,35491],"class_list":{"0":"post-95131","1":"post","2":"type-post","3":"status-publish","4":"format-standard","5":"has-post-thumbnail","7":"category-agenda","8":"tag-abel-pintos-en-cordoba","9":"tag-abel-pintos-en-el-estadio-mario-alberto-kempes","10":"tag-venta-de-entradas-para-abel-pintos-en-cordoba"},"_links":{"self":[{"href":"https:\/\/www.cordobatimes.com\/showup\/wp-json\/wp\/v2\/posts\/95131","targetHints":{"allow":["GET"]}}],"collection":[{"href":"https:\/\/www.cordobatimes.com\/showup\/wp-json\/wp\/v2\/posts"}],"about":[{"href":"https:\/\/www.cordobatimes.com\/showup\/wp-json\/wp\/v2\/types\/post"}],"author":[{"embeddable":true,"href":"https:\/\/www.cordobatimes.com\/showup\/wp-json\/wp\/v2\/users\/1"}],"replies":[{"embeddable":true,"href":"https:\/\/www.cordobatimes.com\/showup\/wp-json\/wp\/v2\/comments?post=95131"}],"version-history":[{"count":0,"href":"https:\/\/www.cordobatimes.com\/showup\/wp-json\/wp\/v2\/posts\/95131\/revisions"}],"wp:featuredmedia":[{"embeddable":true,"href":"https:\/\/www.cordobatimes.com\/showup\/wp-json\/wp\/v2\/media\/95132"}],"wp:attachment":[{"href":"https:\/\/www.cordobatimes.com\/showup\/wp-json\/wp\/v2\/media?parent=95131"}],"wp:term":[{"taxonomy":"category","embeddable":true,"href":"https:\/\/www.cordobatimes.com\/showup\/wp-json\/wp\/v2\/categories?post=95131"},{"taxonomy":"post_tag","embeddable":true,"href":"https:\/\/www.cordobatimes.com\/showup\/wp-json\/wp\/v2\/tags?post=95131"}],"curies":[{"name":"wp","href":"https:\/\/api.w.org\/{rel}","templated":true}]}}