{"id":95124,"date":"2022-07-05T09:51:47","date_gmt":"2022-07-05T12:51:47","guid":{"rendered":"https:\/\/www.cordobatimes.com\/showup\/?p=95124"},"modified":"2022-07-05T09:51:47","modified_gmt":"2022-07-05T12:51:47","slug":"el-origen-de-la-cancion-viral-de-tiktok-mi-bebito-fiu-fiu","status":"publish","type":"post","link":"https:\/\/www.cordobatimes.com\/showup\/internet\/2022\/07\/05\/el-origen-de-la-cancion-viral-de-tiktok-mi-bebito-fiu-fiu\/","title":{"rendered":"El origen de la canci\u00f3n viral de TikTok \u00abMi bebito fiu fiu\u00bb"},"content":{"rendered":"<h3><strong>La canci\u00f3n \u00abMi bebito fiu fiu\u00bb est\u00e1 sonando en todas partes y ya se convirti\u00f3 en un hit.\u00a0<\/strong><\/h3>\n<p>Hasta los famosos se est\u00e1n sumando a esta movida.\u00a0Bad Bunny,\u00a0por ejemplo, la cant\u00f3 en un Vivo de Instagram frente a miles de seguidores.<\/p>\n<p>Ahora bien, \u00bfcu\u00e1l es la historia que est\u00e1 detr\u00e1s de este exitazo?<\/p>\n<h3><strong>El origen de la canci\u00f3n<\/strong><\/h3>\n<p>El tema fue producido por\u00a0Tito Silva\u00a0e intepretado por\u00a0Tefi C,\u00a0ambos oriundos de Per\u00fa, donde naci\u00f3 esta historia.<\/p>\n<p>La letra de la canci\u00f3n est\u00e1 basada en los supuestos chats que salieron a la luz entre el expresidente de Per\u00fa\u00a0Mart\u00edn Vizcarra con quien ser\u00eda su amante, la excandidata al Congreso Zully Pinchi.<\/p>\n<p>Seg\u00fan cuenta el periodista colombiano Lucho Dar\u00edo, tambi\u00e9n tiene partes de un poema (y de otros) llamado \u00abLas noches que te so\u00f1\u00e9\u00bb escrito supuestamente por Zully Pinchi dedicado a\u00a0Mart\u00edn Vizcarra.<\/p>\n<p>La melod\u00eda del tema es el de la canci\u00f3n de Eminem \u00abStan\u00bb,\u00a0que trata de un fan\u00e1tico ficticio que le escribe cartas a su \u00eddolo.<\/p>\n<p>Fue tal el \u00e9xito de la canci\u00f3n que ahora la int\u00e9rprete,\u00a0Tefi C,\u00a0es conocida como \u00abLa bebita fiu fiu\u00bb (as\u00ed se puso en su perfil de Instagram)<\/p>\n","protected":false},"excerpt":{"rendered":"<p>La canci\u00f3n \u00abMi bebito fiu fiu\u00bb est\u00e1 sonando en todas partes y ya se convirti\u00f3 en un hit.\u00a0 Hasta los famosos se est\u00e1n sumando a esta movida.\u00a0Bad Bunny,\u00a0por ejemplo, la cant\u00f3 en un Vivo de Instagram frente a miles de seguidores. Ahora bien, \u00bfcu\u00e1l es la historia que est\u00e1 detr\u00e1s de este exitazo? El origen [&hellip;]<\/p>\n","protected":false},"author":1,"featured_media":95125,"comment_status":"closed","ping_status":"closed","sticky":false,"template":"","format":"standard","meta":{"_seopress_robots_primary_cat":"","_seopress_titles_title":"","_seopress_titles_desc":"","_seopress_robots_index":"","footnotes":""},"categories":[22956],"tags":[35483,35486,35484,35485,35487],"class_list":{"0":"post-95124","1":"post","2":"type-post","3":"status-publish","4":"format-standard","5":"has-post-thumbnail","7":"category-internet","8":"tag-cancion-mi-bebito-fiu-fiu","9":"tag-cancion-viral-de-tiktok-mi-bebito-fiu-fiu","10":"tag-mi-bebito-fiu-fiu","11":"tag-origen-de-la-cancion-viral-de-tiktok-mi-bebito-fiu-fiu","12":"tag-tiktok-mi-bebito-fiu-fiu"},"_links":{"self":[{"href":"https:\/\/www.cordobatimes.com\/showup\/wp-json\/wp\/v2\/posts\/95124","targetHints":{"allow":["GET"]}}],"collection":[{"href":"https:\/\/www.cordobatimes.com\/showup\/wp-json\/wp\/v2\/posts"}],"about":[{"href":"https:\/\/www.cordobatimes.com\/showup\/wp-json\/wp\/v2\/types\/post"}],"author":[{"embeddable":true,"href":"https:\/\/www.cordobatimes.com\/showup\/wp-json\/wp\/v2\/users\/1"}],"replies":[{"embeddable":true,"href":"https:\/\/www.cordobatimes.com\/showup\/wp-json\/wp\/v2\/comments?post=95124"}],"version-history":[{"count":0,"href":"https:\/\/www.cordobatimes.com\/showup\/wp-json\/wp\/v2\/posts\/95124\/revisions"}],"wp:featuredmedia":[{"embeddable":true,"href":"https:\/\/www.cordobatimes.com\/showup\/wp-json\/wp\/v2\/media\/95125"}],"wp:attachment":[{"href":"https:\/\/www.cordobatimes.com\/showup\/wp-json\/wp\/v2\/media?parent=95124"}],"wp:term":[{"taxonomy":"category","embeddable":true,"href":"https:\/\/www.cordobatimes.com\/showup\/wp-json\/wp\/v2\/categories?post=95124"},{"taxonomy":"post_tag","embeddable":true,"href":"https:\/\/www.cordobatimes.com\/showup\/wp-json\/wp\/v2\/tags?post=95124"}],"curies":[{"name":"wp","href":"https:\/\/api.w.org\/{rel}","templated":true}]}}