{"id":95118,"date":"2022-07-04T19:40:41","date_gmt":"2022-07-04T22:40:41","guid":{"rendered":"https:\/\/www.cordobatimes.com\/showup\/?p=95118"},"modified":"2022-07-04T19:40:41","modified_gmt":"2022-07-04T22:40:41","slug":"marvel-anuncio-el-primer-spider-man-homosexual-de-la-historia","status":"publish","type":"post","link":"https:\/\/www.cordobatimes.com\/showup\/cine-y-series\/2022\/07\/04\/marvel-anuncio-el-primer-spider-man-homosexual-de-la-historia\/","title":{"rendered":"Marvel anunci\u00f3 el primer Spider-Man homosexual de la historia"},"content":{"rendered":"<h3><strong>El personaje se llamar\u00e1 Web-Weaver y es un \u201cdise\u00f1ador de moda no muy amable que obtiene poderes ar\u00e1cnidos\u201d, seg\u00fan lo describi\u00f3 su creador, Steve Foxe<\/strong><\/h3>\n<p>Con motivo de la celebraci\u00f3n del orgullo LGTBIQ+,\u00a0Marvel anunci\u00f3 el primer Spider-Man homosexual, que aparecer\u00e1 en los nuevos c\u00f3mics de \u201cEdge of the Spider-Verse\u201d en septiembre de este a\u00f1o.<\/p>\n<p>El personaje, que se llamar\u00e1 Web-Weaver, es un \u201cdise\u00f1ador de moda en Van Dyne\u00a0no muy amable que obtiene poderes ar\u00e1cnidos y nos muestra un tipo de Spiderman muy diferente\u201d, seg\u00fan lo describe su creador, el escritor Steve Foxe.<\/p>\n<p>El dise\u00f1o de Web-Weaver ha sido desarrollado por el artista de c\u00f3mics Kris Anka, que ya hab\u00eda trabajado en diferentes proyectos de Marvel.<\/p>\n<p>\u201cEdge of the Spider-Verse\u201d\u00a0es una serie de c\u00f3mics de\u00a0cinco n\u00fameros\u00a0sobre diferentes variantes de Spiderman, escritas por Steve Foxe, Mark Bagley, Dan Slott, Alex Segura y Karla Pacheco.<\/p>\n<p>Este Spider-Man se une a\u00a0Jon Kent, hijo de Kal-El, de DC C\u00f3mics, que hace alg\u00fan tiempo apareci\u00f3 y es bisexual.<\/p>\n<p>Edge of the Spider-Verse #5, donde aparecer\u00e1 Web Weaver, se lanzar\u00e1 en el mes de septiembre de 2022.<\/p>\n","protected":false},"excerpt":{"rendered":"<p>El personaje se llamar\u00e1 Web-Weaver y es un \u201cdise\u00f1ador de moda no muy amable que obtiene poderes ar\u00e1cnidos\u201d, seg\u00fan lo describi\u00f3 su creador, Steve Foxe Con motivo de la celebraci\u00f3n del orgullo LGTBIQ+,\u00a0Marvel anunci\u00f3 el primer Spider-Man homosexual, que aparecer\u00e1 en los nuevos c\u00f3mics de \u201cEdge of the Spider-Verse\u201d en septiembre de este a\u00f1o. El [&hellip;]<\/p>\n","protected":false},"author":1,"featured_media":95119,"comment_status":"closed","ping_status":"closed","sticky":false,"template":"","format":"standard","meta":{"_seopress_robots_primary_cat":"","_seopress_titles_title":"","_seopress_titles_desc":"","_seopress_robots_index":"","footnotes":""},"categories":[3],"tags":[35480,35477,35478,35479],"class_list":{"0":"post-95118","1":"post","2":"type-post","3":"status-publish","4":"format-standard","5":"has-post-thumbnail","7":"category-cine-y-series","8":"tag-edge-of-the-spider-verse-marvel","9":"tag-primer-spider-man-homosexual","10":"tag-spider-man-homosexual-marvel","11":"tag-spider-man-homosexual-web-weaver"},"_links":{"self":[{"href":"https:\/\/www.cordobatimes.com\/showup\/wp-json\/wp\/v2\/posts\/95118","targetHints":{"allow":["GET"]}}],"collection":[{"href":"https:\/\/www.cordobatimes.com\/showup\/wp-json\/wp\/v2\/posts"}],"about":[{"href":"https:\/\/www.cordobatimes.com\/showup\/wp-json\/wp\/v2\/types\/post"}],"author":[{"embeddable":true,"href":"https:\/\/www.cordobatimes.com\/showup\/wp-json\/wp\/v2\/users\/1"}],"replies":[{"embeddable":true,"href":"https:\/\/www.cordobatimes.com\/showup\/wp-json\/wp\/v2\/comments?post=95118"}],"version-history":[{"count":0,"href":"https:\/\/www.cordobatimes.com\/showup\/wp-json\/wp\/v2\/posts\/95118\/revisions"}],"wp:featuredmedia":[{"embeddable":true,"href":"https:\/\/www.cordobatimes.com\/showup\/wp-json\/wp\/v2\/media\/95119"}],"wp:attachment":[{"href":"https:\/\/www.cordobatimes.com\/showup\/wp-json\/wp\/v2\/media?parent=95118"}],"wp:term":[{"taxonomy":"category","embeddable":true,"href":"https:\/\/www.cordobatimes.com\/showup\/wp-json\/wp\/v2\/categories?post=95118"},{"taxonomy":"post_tag","embeddable":true,"href":"https:\/\/www.cordobatimes.com\/showup\/wp-json\/wp\/v2\/tags?post=95118"}],"curies":[{"name":"wp","href":"https:\/\/api.w.org\/{rel}","templated":true}]}}