{"id":95068,"date":"2022-06-30T20:31:03","date_gmt":"2022-06-30T23:31:03","guid":{"rendered":"https:\/\/www.cordobatimes.com\/showup\/?p=95068"},"modified":"2022-06-30T20:31:03","modified_gmt":"2022-06-30T23:31:03","slug":"cameron-diaz-volvera-al-cine-junto-a-jamie-foxx-en-una-comedia-de-netflix","status":"publish","type":"post","link":"https:\/\/www.cordobatimes.com\/showup\/cine-y-series\/2022\/06\/30\/cameron-diaz-volvera-al-cine-junto-a-jamie-foxx-en-una-comedia-de-netflix\/","title":{"rendered":"Cameron D\u00edaz volver\u00e1 al cine junto a Jamie Foxx en una comedia de Netflix"},"content":{"rendered":"<h3><strong>Luego de haber anunciado su retiro hace cuatro a\u00f1os, la actriz regreser\u00e1 para actuar en la pel\u00edcula \u201cBack in Action\u201d.<\/strong><\/h3>\n<p>El propio Foxx confirm\u00f3 el fichaje este martes al publicar una llamada con D\u00edaz en la que tambi\u00e9n particip\u00f3 el deportista\u00a0Tom Brady\u00a0para dar consejos sobre c\u00f3mo regresar al oficio, ya que \u00e9l mismo volvi\u00f3 a jugar en la liga profesional de f\u00fatbol americano un mes despu\u00e9s de anunciar su abandono.<\/p>\n<p>\u201dEstoy nerviosa pero no s\u00e9 como hacer esto. \u00bfSabes?\u201d, se escucha decir a D\u00edaz en la llamada. Por su parte, la plataforma de \u201cstreaming\u201d se limit\u00f3 a publicar un tuit que afirma que la actriz est\u00e1 \u201cdes-retir\u00e1ndose oficialmente\u201d.<\/p>\n<p>A pesar del revuelo montado, Netflix mantiene en secreto los detalles de la trama de la pel\u00edcula, sobre la que solo se conoce que se llamar\u00e1\u00a0\u201cBack in Action\u201d, en un claro gui\u00f1o al regreso de la actriz a las pantallas.<\/p>\n<p>El rodaje comenzar\u00e1 a finales de este a\u00f1o y contar\u00e1 con Seth Gordon\u00a0(\u201cHorrible Bosses\u201d) en la direcci\u00f3n y Brendan O\u2019Brien (\u201cNeighbors\u201d) a cargo del guion.<\/p>\n<p>D\u00edaz y Foxx ya trabajaron juntos en \u201cAny Given Sunday\u201d (1999) y \u201cAnnie\u201d (2014), que supuso su \u00faltimo papel en un largometraje.<\/p>\n<p>La actriz, de 49 a\u00f1os, anunci\u00f3 su retirada en 2018, despu\u00e9s de participar en infinidad de pel\u00edculas taquilleras como \u201cMy Best Friend\u2019s Wedding\u201d, \u201cThere\u2019s Something About Mary, \u201cCharlie\u2019s Angels\u201d y Shrek\u201d.<\/p>\n<p>Su papel en \u201cThe Mask\u201d (1994), la ic\u00f3nica comedia protagonizada por Jim Carrey, catapult\u00f3 a D\u00edaz a la primera l\u00ednea de Hollywood y la convirti\u00f3 en una de las estrellas m\u00e1s rentables de la gran pantalla.<\/p>\n<blockquote class=\"twitter-tweet\">\n<p dir=\"ltr\" lang=\"en\">Cameron I hope you aren\u2019t mad I recorded this, but no turning back now. Had to call in the GOAT to bring back another GOAT. <a href=\"https:\/\/twitter.com\/CameronDiaz?ref_src=twsrc%5Etfw\">@CameronDiaz<\/a> and I are BACK IN ACTION &#8211; our new movie with <a href=\"https:\/\/twitter.com\/NetflixFilm?ref_src=twsrc%5Etfw\">@NetflixFilm<\/a>. Production starting later this year!! \ud83e\udd8a\ud83d\udc10 <a href=\"https:\/\/t.co\/vyaGrUmbWb\">pic.twitter.com\/vyaGrUmbWb<\/a><\/p>\n<p>\u2014 Jamie Foxx (@iamjamiefoxx) <a href=\"https:\/\/twitter.com\/iamjamiefoxx\/status\/1542190656386236416?ref_src=twsrc%5Etfw\">June 29, 2022<\/a><\/p><\/blockquote>\n<p><script async src=\"https:\/\/platform.twitter.com\/widgets.js\" charset=\"utf-8\"><\/script><\/p>\n","protected":false},"excerpt":{"rendered":"<p>Luego de haber anunciado su retiro hace cuatro a\u00f1os, la actriz regreser\u00e1 para actuar en la pel\u00edcula \u201cBack in Action\u201d. El propio Foxx confirm\u00f3 el fichaje este martes al publicar una llamada con D\u00edaz en la que tambi\u00e9n particip\u00f3 el deportista\u00a0Tom Brady\u00a0para dar consejos sobre c\u00f3mo regresar al oficio, ya que \u00e9l mismo volvi\u00f3 a [&hellip;]<\/p>\n","protected":false},"author":1,"featured_media":95069,"comment_status":"closed","ping_status":"closed","sticky":false,"template":"","format":"standard","meta":{"_seopress_robots_primary_cat":"","_seopress_titles_title":"","_seopress_titles_desc":"","_seopress_robots_index":"","footnotes":""},"categories":[3],"tags":[35453,35452,35450,35451],"class_list":{"0":"post-95068","1":"post","2":"type-post","3":"status-publish","4":"format-standard","5":"has-post-thumbnail","7":"category-cine-y-series","8":"tag-back-in-action","9":"tag-back-in-action-cameron-diaz-y-jamie-foxx","10":"tag-cameron-diaz-volvera-al-cine","11":"tag-cameron-diaz-y-jamie-foxx"},"_links":{"self":[{"href":"https:\/\/www.cordobatimes.com\/showup\/wp-json\/wp\/v2\/posts\/95068","targetHints":{"allow":["GET"]}}],"collection":[{"href":"https:\/\/www.cordobatimes.com\/showup\/wp-json\/wp\/v2\/posts"}],"about":[{"href":"https:\/\/www.cordobatimes.com\/showup\/wp-json\/wp\/v2\/types\/post"}],"author":[{"embeddable":true,"href":"https:\/\/www.cordobatimes.com\/showup\/wp-json\/wp\/v2\/users\/1"}],"replies":[{"embeddable":true,"href":"https:\/\/www.cordobatimes.com\/showup\/wp-json\/wp\/v2\/comments?post=95068"}],"version-history":[{"count":0,"href":"https:\/\/www.cordobatimes.com\/showup\/wp-json\/wp\/v2\/posts\/95068\/revisions"}],"wp:featuredmedia":[{"embeddable":true,"href":"https:\/\/www.cordobatimes.com\/showup\/wp-json\/wp\/v2\/media\/95069"}],"wp:attachment":[{"href":"https:\/\/www.cordobatimes.com\/showup\/wp-json\/wp\/v2\/media?parent=95068"}],"wp:term":[{"taxonomy":"category","embeddable":true,"href":"https:\/\/www.cordobatimes.com\/showup\/wp-json\/wp\/v2\/categories?post=95068"},{"taxonomy":"post_tag","embeddable":true,"href":"https:\/\/www.cordobatimes.com\/showup\/wp-json\/wp\/v2\/tags?post=95068"}],"curies":[{"name":"wp","href":"https:\/\/api.w.org\/{rel}","templated":true}]}}