{"id":95053,"date":"2022-06-30T09:39:20","date_gmt":"2022-06-30T12:39:20","guid":{"rendered":"https:\/\/www.cordobatimes.com\/showup\/?p=95053"},"modified":"2022-06-30T09:39:20","modified_gmt":"2022-06-30T12:39:20","slug":"paulo-londra-sorprende-con-el-doble-lanzamiento-de-nublado-y-luces","status":"publish","type":"post","link":"https:\/\/www.cordobatimes.com\/showup\/musica\/2022\/06\/30\/paulo-londra-sorprende-con-el-doble-lanzamiento-de-nublado-y-luces\/","title":{"rendered":"Paulo Londra sorprende con el doble lanzamiento de Nublado y Luces"},"content":{"rendered":"<h3><strong>El artista comparti\u00f3 los estrenos en sus redes sociales con un mensaje a sus fans.<\/strong><\/h3>\n<p>A principio de esta semana,\u00a0Paulo Londra\u00a0le cont\u00f3 a sus seguidores que ten\u00eda una nueva canci\u00f3n llamada \u201cNublado\u201d lista para lanzar. Lleg\u00f3 el d\u00eda de su salida pero hubo una gran sorpresa.<\/p>\n<p>El cantante tambi\u00e9n public\u00f3 \u201cLuces\u201d ante el asombro de todos. Las dos canciones y sus videos est\u00e1n disponibles ya en todas las plataformas digitales. \u201cOjal\u00e1 les guste como a mi y gracias por bancarme tanto tiempo, no caigo de estar volviendo\u201d, escribi\u00f3 el artista en sus redes.<\/p>\n<p><iframe loading=\"lazy\" title=\"YouTube video player\" src=\"https:\/\/www.youtube.com\/embed\/8s_edTC0FYM\" width=\"560\" height=\"315\" frameborder=\"0\" allowfullscreen=\"allowfullscreen\"><\/iframe><\/p>\n<p><iframe loading=\"lazy\" title=\"YouTube video player\" src=\"https:\/\/www.youtube.com\/embed\/nC0Cgjd5O4A\" width=\"560\" height=\"315\" frameborder=\"0\" allowfullscreen=\"allowfullscreen\"><\/iframe><\/p>\n","protected":false},"excerpt":{"rendered":"<p>El artista comparti\u00f3 los estrenos en sus redes sociales con un mensaje a sus fans. A principio de esta semana,\u00a0Paulo Londra\u00a0le cont\u00f3 a sus seguidores que ten\u00eda una nueva canci\u00f3n llamada \u201cNublado\u201d lista para lanzar. Lleg\u00f3 el d\u00eda de su salida pero hubo una gran sorpresa. El cantante tambi\u00e9n public\u00f3 \u201cLuces\u201d ante el asombro de [&hellip;]<\/p>\n","protected":false},"author":1,"featured_media":95054,"comment_status":"closed","ping_status":"closed","sticky":false,"template":"","format":"standard","meta":{"_seopress_robots_primary_cat":"","_seopress_titles_title":"","_seopress_titles_desc":"","_seopress_robots_index":"","footnotes":""},"categories":[5],"tags":[35433,35435,35434],"class_list":{"0":"post-95053","1":"post","2":"type-post","3":"status-publish","4":"format-standard","5":"has-post-thumbnail","7":"category-musica","8":"tag-nublado-y-luces","9":"tag-paulo-londra-luces","10":"tag-paulo-londra-nublado"},"_links":{"self":[{"href":"https:\/\/www.cordobatimes.com\/showup\/wp-json\/wp\/v2\/posts\/95053","targetHints":{"allow":["GET"]}}],"collection":[{"href":"https:\/\/www.cordobatimes.com\/showup\/wp-json\/wp\/v2\/posts"}],"about":[{"href":"https:\/\/www.cordobatimes.com\/showup\/wp-json\/wp\/v2\/types\/post"}],"author":[{"embeddable":true,"href":"https:\/\/www.cordobatimes.com\/showup\/wp-json\/wp\/v2\/users\/1"}],"replies":[{"embeddable":true,"href":"https:\/\/www.cordobatimes.com\/showup\/wp-json\/wp\/v2\/comments?post=95053"}],"version-history":[{"count":0,"href":"https:\/\/www.cordobatimes.com\/showup\/wp-json\/wp\/v2\/posts\/95053\/revisions"}],"wp:featuredmedia":[{"embeddable":true,"href":"https:\/\/www.cordobatimes.com\/showup\/wp-json\/wp\/v2\/media\/95054"}],"wp:attachment":[{"href":"https:\/\/www.cordobatimes.com\/showup\/wp-json\/wp\/v2\/media?parent=95053"}],"wp:term":[{"taxonomy":"category","embeddable":true,"href":"https:\/\/www.cordobatimes.com\/showup\/wp-json\/wp\/v2\/categories?post=95053"},{"taxonomy":"post_tag","embeddable":true,"href":"https:\/\/www.cordobatimes.com\/showup\/wp-json\/wp\/v2\/tags?post=95053"}],"curies":[{"name":"wp","href":"https:\/\/api.w.org\/{rel}","templated":true}]}}