{"id":95039,"date":"2022-06-29T11:06:42","date_gmt":"2022-06-29T14:06:42","guid":{"rendered":"https:\/\/www.cordobatimes.com\/showup\/?p=95039"},"modified":"2022-06-29T11:06:42","modified_gmt":"2022-06-29T14:06:42","slug":"disney-confirma-fecha-de-estreno-de-hocus-pocus-2-a-29-anos-del-estreno-de-la-original","status":"publish","type":"post","link":"https:\/\/www.cordobatimes.com\/showup\/cine-y-series\/2022\/06\/29\/disney-confirma-fecha-de-estreno-de-hocus-pocus-2-a-29-anos-del-estreno-de-la-original\/","title":{"rendered":"Disney+ confirma fecha de estreno de Hocus Pocus 2 a 29 a\u00f1os del estreno de la original"},"content":{"rendered":"<h3><strong>Bette Midler, Sarah Jessica Parker y Kathy Najimy regresan a sus personajes ic\u00f3nicos de &#8216;Hocus Pocus&#8217; 29 a\u00f1os despu\u00e9s.<\/strong><\/h3>\n<p>Una de las pel\u00edculas de Disney que se convirti\u00f3 de culto es \u201cHocus Pocus\u201c. La pel\u00edcula segu\u00eda las aventuras de las hermanas Sanderson que eran brujas e interpretadas por\u00a0Bette Midler,\u00a0Sarah Jessica Parker\u00a0y\u00a0Kathy Najimy. A 29 a\u00f1os del estreno de la original, la plataforma de streaming\u00a0Disney+\u00a0ha confirmado la fecha de estreno que ser\u00e1 el pr\u00f3ximo 30 de septiembre, justo en la \u00e9poca de Halloween.<\/p>\n<p>Han pasado 29 a\u00f1os desde que alguien encendi\u00f3 la Vela de la Llama Negra y resucit\u00f3 a las hermanas del siglo XVII, y \u00e9stas buscan venganza. Ahora depende de tres estudiantes de secundaria impedir que las brujas causen nuevos estragos en Salem antes del amanecer de la v\u00edspera de Todos los Santos.<\/p>\n<p><img alt=\"\" loading=\"lazy\" decoding=\"async\" class=\"alignnone wp-image-95041 size-full\" src=\"https:\/\/www.cordobatimes.com\/showup\/wp-content\/uploads\/2022\/06\/Pantallazo-29-06-2022-10.56.36.jpg\" alt=\"\" width=\"554\" height=\"811\" srcset=\"https:\/\/www.cordobatimes.com\/showup\/wp-content\/uploads\/2022\/06\/Pantallazo-29-06-2022-10.56.36.jpg 554w, https:\/\/www.cordobatimes.com\/showup\/wp-content\/uploads\/2022\/06\/Pantallazo-29-06-2022-10.56.36-287x420.jpg 287w\" sizes=\"auto, (max-width: 554px) 100vw, 554px\" \/><\/p>\n<p><iframe loading=\"lazy\" title=\"YouTube video player\" src=\"https:\/\/www.youtube.com\/embed\/ecJRvz9nk-U\" width=\"560\" height=\"315\" frameborder=\"0\" allowfullscreen=\"allowfullscreen\"><\/iframe><\/p>\n","protected":false},"excerpt":{"rendered":"<p>Bette Midler, Sarah Jessica Parker y Kathy Najimy regresan a sus personajes ic\u00f3nicos de &#8216;Hocus Pocus&#8217; 29 a\u00f1os despu\u00e9s. Una de las pel\u00edculas de Disney que se convirti\u00f3 de culto es \u201cHocus Pocus\u201c. La pel\u00edcula segu\u00eda las aventuras de las hermanas Sanderson que eran brujas e interpretadas por\u00a0Bette Midler,\u00a0Sarah Jessica Parker\u00a0y\u00a0Kathy Najimy. A 29 a\u00f1os [&hellip;]<\/p>\n","protected":false},"author":1,"featured_media":95040,"comment_status":"closed","ping_status":"closed","sticky":false,"template":"","format":"standard","meta":{"_seopress_robots_primary_cat":"","_seopress_titles_title":"","_seopress_titles_desc":"","_seopress_robots_index":"","footnotes":""},"categories":[3],"tags":[35424,35425],"class_list":{"0":"post-95039","1":"post","2":"type-post","3":"status-publish","4":"format-standard","5":"has-post-thumbnail","7":"category-cine-y-series","8":"tag-fecha-de-estreno-de-hocus-pocus-2","9":"tag-trailer-de-hocus-pocus-2"},"_links":{"self":[{"href":"https:\/\/www.cordobatimes.com\/showup\/wp-json\/wp\/v2\/posts\/95039","targetHints":{"allow":["GET"]}}],"collection":[{"href":"https:\/\/www.cordobatimes.com\/showup\/wp-json\/wp\/v2\/posts"}],"about":[{"href":"https:\/\/www.cordobatimes.com\/showup\/wp-json\/wp\/v2\/types\/post"}],"author":[{"embeddable":true,"href":"https:\/\/www.cordobatimes.com\/showup\/wp-json\/wp\/v2\/users\/1"}],"replies":[{"embeddable":true,"href":"https:\/\/www.cordobatimes.com\/showup\/wp-json\/wp\/v2\/comments?post=95039"}],"version-history":[{"count":0,"href":"https:\/\/www.cordobatimes.com\/showup\/wp-json\/wp\/v2\/posts\/95039\/revisions"}],"wp:featuredmedia":[{"embeddable":true,"href":"https:\/\/www.cordobatimes.com\/showup\/wp-json\/wp\/v2\/media\/95040"}],"wp:attachment":[{"href":"https:\/\/www.cordobatimes.com\/showup\/wp-json\/wp\/v2\/media?parent=95039"}],"wp:term":[{"taxonomy":"category","embeddable":true,"href":"https:\/\/www.cordobatimes.com\/showup\/wp-json\/wp\/v2\/categories?post=95039"},{"taxonomy":"post_tag","embeddable":true,"href":"https:\/\/www.cordobatimes.com\/showup\/wp-json\/wp\/v2\/tags?post=95039"}],"curies":[{"name":"wp","href":"https:\/\/api.w.org\/{rel}","templated":true}]}}