{"id":95025,"date":"2022-06-27T11:27:42","date_gmt":"2022-06-27T14:27:42","guid":{"rendered":"https:\/\/www.cordobatimes.com\/showup\/?p=95025"},"modified":"2022-06-27T11:27:42","modified_gmt":"2022-06-27T14:27:42","slug":"lisa-el-primer-adelanto-del-album-inedito-de-gustavo-cerati","status":"publish","type":"post","link":"https:\/\/www.cordobatimes.com\/showup\/musica\/2022\/06\/27\/lisa-el-primer-adelanto-del-album-inedito-de-gustavo-cerati\/","title":{"rendered":"\u00abLisa\u00bb el  primer adelanto del \u00e1lbum in\u00e9dito de Gustavo Cerati"},"content":{"rendered":"<h3><strong>Est\u00e1 disponible en plataformas la versi\u00f3n sinf\u00f3nica del tema grabado por el m\u00fasico durante su hist\u00f3rico concierto en Ciudad de M\u00e9xico.<\/strong><\/h3>\n<p>Gustavo Cerati, una de las grandes voces del rock, falleci\u00f3 en 2014 tras permanecer cinco a\u00f1os en coma. No obstante, el artista argentino dej\u00f3 un legado inmortal. Una muestra de ello es el \u00e1lbum\u00a014 episodios sinf\u00f3nicos\u00a0que fue grabado en vivo durante el hist\u00f3rico concierto que dio como solista en el Auditorio Nacional de Ciudad de M\u00e9xico el 9 de febrero de 2002 y se lanzar\u00e1 en agosto.<\/p>\n<p>En 2001, el ex Soda Stereo, grab\u00f3 un disco que titul\u00f3\u00a011 episodios sinf\u00f3nicos, con la compa\u00f1\u00eda de una orquesta sinf\u00f3nica en el Teatro Avenida de Buenos Aires y recorri\u00f3 los grandes \u00e9xitos de su anterior banda y de su carrera en solitario.<\/p>\n<p>La pieza lo llev\u00f3 a presentarse en algunas de las principales ciudades de Latinoam\u00e9rica. En total, con este disco, ofreci\u00f3 8 shows.<\/p>\n<p>Como indica el nombre, el nuevo \u00e1lbum sumar\u00e1 tres\u00a0tracks\u00a0no incluidos en el proyecto original. Entre las nuevas canciones se encuentra \u201cLisa (Sinf\u00f3nico en vivo)\u201d, que fue estrenada como adelanto junto a un\u00a0Extended Reality Video.<\/p>\n<p><iframe loading=\"lazy\" width=\"560\" height=\"315\" src=\"https:\/\/www.youtube.com\/embed\/CDUyK_dYa5o\" title=\"YouTube video player\" frameborder=\"0\" allow=\"accelerometer; autoplay; clipboard-write; encrypted-media; gyroscope; picture-in-picture\" allowfullscreen><\/iframe><\/p>\n","protected":false},"excerpt":{"rendered":"<p>Est\u00e1 disponible en plataformas la versi\u00f3n sinf\u00f3nica del tema grabado por el m\u00fasico durante su hist\u00f3rico concierto en Ciudad de M\u00e9xico. Gustavo Cerati, una de las grandes voces del rock, falleci\u00f3 en 2014 tras permanecer cinco a\u00f1os en coma. No obstante, el artista argentino dej\u00f3 un legado inmortal. Una muestra de ello es el \u00e1lbum\u00a014 [&hellip;]<\/p>\n","protected":false},"author":1,"featured_media":95026,"comment_status":"closed","ping_status":"closed","sticky":false,"template":"","format":"standard","meta":{"_seopress_robots_primary_cat":"","_seopress_titles_title":"","_seopress_titles_desc":"","_seopress_robots_index":"","footnotes":""},"categories":[5],"tags":[35412,35413,35414],"class_list":{"0":"post-95025","1":"post","2":"type-post","3":"status-publish","4":"format-standard","5":"has-post-thumbnail","7":"category-musica","8":"tag-album-inedito-de-gustavo-cerati","9":"tag-gustavo-cerati-lisa","10":"tag-lisa-cancion-inedita-de-gustavo-cerati"},"_links":{"self":[{"href":"https:\/\/www.cordobatimes.com\/showup\/wp-json\/wp\/v2\/posts\/95025","targetHints":{"allow":["GET"]}}],"collection":[{"href":"https:\/\/www.cordobatimes.com\/showup\/wp-json\/wp\/v2\/posts"}],"about":[{"href":"https:\/\/www.cordobatimes.com\/showup\/wp-json\/wp\/v2\/types\/post"}],"author":[{"embeddable":true,"href":"https:\/\/www.cordobatimes.com\/showup\/wp-json\/wp\/v2\/users\/1"}],"replies":[{"embeddable":true,"href":"https:\/\/www.cordobatimes.com\/showup\/wp-json\/wp\/v2\/comments?post=95025"}],"version-history":[{"count":0,"href":"https:\/\/www.cordobatimes.com\/showup\/wp-json\/wp\/v2\/posts\/95025\/revisions"}],"wp:featuredmedia":[{"embeddable":true,"href":"https:\/\/www.cordobatimes.com\/showup\/wp-json\/wp\/v2\/media\/95026"}],"wp:attachment":[{"href":"https:\/\/www.cordobatimes.com\/showup\/wp-json\/wp\/v2\/media?parent=95025"}],"wp:term":[{"taxonomy":"category","embeddable":true,"href":"https:\/\/www.cordobatimes.com\/showup\/wp-json\/wp\/v2\/categories?post=95025"},{"taxonomy":"post_tag","embeddable":true,"href":"https:\/\/www.cordobatimes.com\/showup\/wp-json\/wp\/v2\/tags?post=95025"}],"curies":[{"name":"wp","href":"https:\/\/api.w.org\/{rel}","templated":true}]}}