{"id":94944,"date":"2022-06-23T09:41:45","date_gmt":"2022-06-23T12:41:45","guid":{"rendered":"https:\/\/www.cordobatimes.com\/showup\/?p=94944"},"modified":"2022-06-23T09:41:45","modified_gmt":"2022-06-23T12:41:45","slug":"tiziano-gravier-rompio-el-silencio-y-conto-que-paso-en-la-noche-del-brutal-ataque","status":"publish","type":"post","link":"https:\/\/www.cordobatimes.com\/showup\/tv\/2022\/06\/23\/tiziano-gravier-rompio-el-silencio-y-conto-que-paso-en-la-noche-del-brutal-ataque\/","title":{"rendered":"Tiziano Gravier rompi\u00f3 el silencio y cont\u00f3 qu\u00e9 pas\u00f3 en la noche del brutal ataque"},"content":{"rendered":"<h3><strong>El hijo de Valeria Mazza y Alejandro Gravier habl\u00f3 de la impotencia que sinti\u00f3 luego de la agresi\u00f3n: \u201cQuiero aportar mi granito de arena para que no pase m\u00e1s\u201d<\/strong><\/h3>\n<p>En la madrugada del domingo 5 de junio,\u00a0Tiziano Gravier\u00a0fue brutalmente atacado a la salida de un boliche en Rosario. El hijo de\u00a0Valeria Mazza y Alejandro Gravier\u00a0estaba con su hermano Benicio y dos amigas cuando fue agredido por dos sujetos que lo llamaron \u201cTincho\u201d y lo golpearon sin mediar otra palabra. Su caso tuvo gran repercusi\u00f3n medi\u00e1tica, por sus padres famosos y tambi\u00e9n por retratar una situaci\u00f3n de violencia que se repite en la sociedad.<\/p>\n<p>Tanto Valeria como Alejandro estuvieron hablando en estos d\u00edas, comunicando los respectivos partes m\u00e9dicos y\u00a0hasta enfrentando al abogado de los agresores, que dud\u00f3 de las lesiones del joven. Tiziano, por su parte, no hab\u00eda hecho declaraciones p\u00fablicas hasta este mi\u00e9rcoles, que rompi\u00f3 el silencio en una entrevista con\u00a0Telenoche.<\/p>\n<p>\u201cDe a poco mejorando\u201d, resumi\u00f3 Tiziano entrevistado por la conductora Luciana Geuna y procedi\u00f3 a contar la evoluci\u00f3n de su salud. \u201cLa primera operaci\u00f3n fue la fractura de la mand\u00edbula. La segunda operaci\u00f3n fue porque encontraron otra fisura y todav\u00eda tengo cuatro tornillos que en teor\u00eda me van a sacar la semana que viene\u201d, cont\u00f3 el joven. \u201cLas primeras dos semanas ten\u00eda unas gomas que no me dejaban hablar ni comer nada. Lo peor ya pas\u00f3\u201d, se\u00f1al\u00f3 con optimismo.<\/p>\n<p>En este sentido, se refiri\u00f3 a los primeros d\u00edas luego de la cirug\u00eda. \u201cAn\u00edmicamente fueron complicados, estuve angustiado un tiempo, ten\u00eda subidas y bajadas. Estuvo bueno que muchos amigos me vinieron a visitar al hospital y a casa\u201d, resalt\u00f3, m\u00e1s tranquilo, y agreg\u00f3 que de a poco est\u00e1 volviendo a retomar su rutina. \u201cAyer volv\u00ed a la universidad porque ten\u00eda que rendir un final. Aprovech\u00e9 el fin de semana largo y me fue bien\u201d, cont\u00f3\u00a0el estudiante de la carrera de Negocios Digitales\u00a0en la Universidad de San Andr\u00e9s.<\/p>\n<p>Lo que va a tener que esperar un poco es su carrera deportiva, ya que\u00a0la agresi\u00f3n frustr\u00f3 el viaje con la selecci\u00f3n de esqu\u00ed alpino\u00a0a Francia, donde llevan adelante la pretemporada. Mientras tanto, Tiziano inici\u00f3 su propio trabajo.\u00a0Pude empezar a entrenar algunas cosas sin impacto, bici fija, como empezar a hacer algo.\u00a0Tengo pasaje para el sur para el 16 de julio\u00a0donde tendr\u00edamos dos semanas de entrenamiento fuerte, porque el circuito sudamericano, que es el m\u00e1s importante, arranca el 5 de agosto. Apunto a estar ah\u00ed\u201d, se entusiasm\u00f3.<\/p>\n<p>El deportista cont\u00f3 en primera persona y con lujo de detalles su visi\u00f3n de la agresi\u00f3n. Hab\u00eda salido con unos primos, y a la salida del boliche pasaron a buscar a unas amigas por otro, a cinco cuadras. Y cuando se estaban yendo, sucedi\u00f3 lo que qued\u00f3 registrado en un video. \u201cYo estaba con mi hermano, cruzamos la calle, escucho que alguien de mi derecha me dice\u00a0\u2018Ey, tincho\u2019, y cuando lo miro me como un golpe. No tengo tiempo de contestarle ni de reaccionar. Al primero que me pega nunca lo veo, no podr\u00eda reconocerlo\u201d, relat\u00f3.<\/p>\n<p>\u201cTengo una imagen de costado que veo como se le van a mi hermano y\u00a0fue instintivo sacar a mi hermano de ah\u00ed.\u00a0Recupero el equilibrio y salgo corriendo, con el envi\u00f3n lo empujo y lo traigo conmigo y salimos corriendo.\u00a0Ya estaba escupiendo sangre y sab\u00eda que ten\u00eda la mand\u00edbula rota\u201d, cont\u00f3 con dolor. Tiziano y Benicio escaparon y pudieron comunicarse con sus padres. \u201cFue una llamada terrible, porque ten\u00eda la sensaci\u00f3n de tener la mand\u00edbula rota\u201d.<\/p>\n<p>Una vez que llegaron Valeria y Alejandro llegaron, fueron derecho al hospital. \u201cCuando me dijeron que me ten\u00edan que internar me cay\u00f3 un poco todo.\u00a0Me puse triste, porque entras al cuarto y te sent\u00eds tan vulnerable\u201d, admiti\u00f3 el joven. All\u00ed Geuna le pregunt\u00f3 si hab\u00eda pasado por situaciones similares: \u201c\u2018Ey Tincho\u2019 no me hab\u00edan dicho nunca\u201d, reconoci\u00f3 el deportista, y reflexion\u00f3 sobre el hecho: \u201cEntiendo que este caso tom\u00f3 mucha repercusi\u00f3n, pero\u00a0no soy el primero y lamentablemente no creo que sea el \u00faltimo. Hoy en d\u00eda hay much\u00edsima violencia, no creo que estos chicos me hayan pegado porque sab\u00edan quienes era mis pap\u00e1s.\u00a0Quiero aportar mi granito de arena para que no pase m\u00e1s\u201d.<\/p>\n<p>A partir de entonces, fue atravesando diferentes sensaciones. Al principio sinti\u00f3 \u201cbronca total\u201d que despu\u00e9s se transform\u00f3 en angustia. \u201cNo entend\u00eda lo que hab\u00eda pasado. Le buscaba una explicaci\u00f3n l\u00f3gica al por qu\u00e9. Era un mal humor todo el tiempo y\u00a0tuve que aceptar de a poco esta nueva realidad y el proceso de recuperaci\u00f3n que tiene el cuerpo\u201d. Y cuando lo consultaron sobre si la agresi\u00f3n lo persegu\u00eda, se conmovi\u00f3. \u201cCada vez menos, los primeros d\u00edas era bastante feo. Ese momento que est\u00e1s solo en tu cuarto antes de dormir.\u00a0Pero ahora ya est\u00e1, ya me oper\u00e9 dos veces y estoy pensando en recuperarme\u201d.<\/p>\n<p><iframe loading=\"lazy\" width=\"560\" height=\"315\" src=\"https:\/\/www.youtube.com\/embed\/ed0QITaX5AA\" title=\"YouTube video player\" frameborder=\"0\" allow=\"accelerometer; autoplay; clipboard-write; encrypted-media; gyroscope; picture-in-picture\" allowfullscreen><\/iframe><\/p>\n","protected":false},"excerpt":{"rendered":"<p>El hijo de Valeria Mazza y Alejandro Gravier habl\u00f3 de la impotencia que sinti\u00f3 luego de la agresi\u00f3n: \u201cQuiero aportar mi granito de arena para que no pase m\u00e1s\u201d En la madrugada del domingo 5 de junio,\u00a0Tiziano Gravier\u00a0fue brutalmente atacado a la salida de un boliche en Rosario. El hijo de\u00a0Valeria Mazza y Alejandro Gravier\u00a0estaba [&hellip;]<\/p>\n","protected":false},"author":1,"featured_media":94945,"comment_status":"closed","ping_status":"closed","sticky":false,"template":"","format":"standard","meta":{"_seopress_robots_primary_cat":"","_seopress_titles_title":"","_seopress_titles_desc":"","_seopress_robots_index":"","footnotes":""},"categories":[2],"tags":[35233,35365],"class_list":{"0":"post-94944","1":"post","2":"type-post","3":"status-publish","4":"format-standard","5":"has-post-thumbnail","7":"category-tv","8":"tag-hijo-de-valeria-mazza-tiziano-gravier","9":"tag-tiziano-gravier-brutal-golpiza"},"_links":{"self":[{"href":"https:\/\/www.cordobatimes.com\/showup\/wp-json\/wp\/v2\/posts\/94944","targetHints":{"allow":["GET"]}}],"collection":[{"href":"https:\/\/www.cordobatimes.com\/showup\/wp-json\/wp\/v2\/posts"}],"about":[{"href":"https:\/\/www.cordobatimes.com\/showup\/wp-json\/wp\/v2\/types\/post"}],"author":[{"embeddable":true,"href":"https:\/\/www.cordobatimes.com\/showup\/wp-json\/wp\/v2\/users\/1"}],"replies":[{"embeddable":true,"href":"https:\/\/www.cordobatimes.com\/showup\/wp-json\/wp\/v2\/comments?post=94944"}],"version-history":[{"count":0,"href":"https:\/\/www.cordobatimes.com\/showup\/wp-json\/wp\/v2\/posts\/94944\/revisions"}],"wp:featuredmedia":[{"embeddable":true,"href":"https:\/\/www.cordobatimes.com\/showup\/wp-json\/wp\/v2\/media\/94945"}],"wp:attachment":[{"href":"https:\/\/www.cordobatimes.com\/showup\/wp-json\/wp\/v2\/media?parent=94944"}],"wp:term":[{"taxonomy":"category","embeddable":true,"href":"https:\/\/www.cordobatimes.com\/showup\/wp-json\/wp\/v2\/categories?post=94944"},{"taxonomy":"post_tag","embeddable":true,"href":"https:\/\/www.cordobatimes.com\/showup\/wp-json\/wp\/v2\/tags?post=94944"}],"curies":[{"name":"wp","href":"https:\/\/api.w.org\/{rel}","templated":true}]}}