{"id":94928,"date":"2022-06-22T12:03:28","date_gmt":"2022-06-22T15:03:28","guid":{"rendered":"https:\/\/www.cordobatimes.com\/showup\/?p=94928"},"modified":"2022-06-22T12:03:28","modified_gmt":"2022-06-22T15:03:28","slug":"primeras-imagenes-de-natalia-oreiro-como-eva-peron","status":"publish","type":"post","link":"https:\/\/www.cordobatimes.com\/showup\/cine-y-series\/2022\/06\/22\/primeras-imagenes-de-natalia-oreiro-como-eva-peron\/","title":{"rendered":"Primeras im\u00e1genes de Natalia Oreiro como Eva Per\u00f3n"},"content":{"rendered":"<h3><strong>Santa Evita\u201d con los protag\u00f3nicos de Natalia Oreiro y Dar\u00edo Grandinetti, como Juan Domingo Per\u00f3n, se estrenar\u00e1 el pr\u00f3ximo 26 de julio en Star+.<\/strong><\/h3>\n<p>\u201cSanta Evita\u201d, la\u00a0serie\u00a0basada en la reconocida novela del periodista y escritor argentino\u00a0Tom\u00e1s Eloy Mart\u00ednez\u00a0que con los protag\u00f3nicos de\u00a0Natalia Oreiro\u00a0y\u00a0Dar\u00edo Grandinetti\u00a0sigue la historia del secuestro y profanaci\u00f3n de los restos embalsamados de la entonces esposa de\u00a0Juan Domingo Per\u00f3n\u00a0tras el golpe de Estado c\u00edvico-militar de 1955, estrenar\u00e1 el pr\u00f3ximo 26 de julio en la plataforma de streaming\u00a0Star+.<\/p>\n<p>La producci\u00f3n de siete episodios, dirigida por Rodrigo Garc\u00eda (hijo de Gabriel Garc\u00eda M\u00e1rquez) reconstruye mediante flashbacks y con un tono de suspenso la relaci\u00f3n entre el expresidente y la actriz, luego devenida en dirigente pol\u00edtica, as\u00ed como el entramado de fuerzas que derrocaron a Per\u00f3n durante su segundo mandato.<\/p>\n<p>En la ficci\u00f3n, Oreiro encarna a\u00a0Eva Per\u00f3n, fallecida en 1952, a los 33 a\u00f1os, producto de un c\u00e1ncer de cuello de \u00fatero, cuyo cuerpo fue preservado durante tres a\u00f1os a la espera de ser sepultada en el Monumento al Descamisado, proyecto que nunca se concret\u00f3.<\/p>\n<p><img alt=\"\" loading=\"lazy\" decoding=\"async\" class=\"alignnone size-medium wp-image-94930\" src=\"https:\/\/www.cordobatimes.com\/showup\/wp-content\/uploads\/2022\/06\/Pantallazo-22-06-2022-11.43.56-643x420.jpg\" alt=\"\" width=\"643\" height=\"420\" srcset=\"https:\/\/www.cordobatimes.com\/showup\/wp-content\/uploads\/2022\/06\/Pantallazo-22-06-2022-11.43.56-643x420.jpg 643w, https:\/\/www.cordobatimes.com\/showup\/wp-content\/uploads\/2022\/06\/Pantallazo-22-06-2022-11.43.56-768x501.jpg 768w, https:\/\/www.cordobatimes.com\/showup\/wp-content\/uploads\/2022\/06\/Pantallazo-22-06-2022-11.43.56-696x454.jpg 696w, https:\/\/www.cordobatimes.com\/showup\/wp-content\/uploads\/2022\/06\/Pantallazo-22-06-2022-11.43.56.jpg 853w\" sizes=\"auto, (max-width: 643px) 100vw, 643px\" \/> <img alt=\"\" loading=\"lazy\" decoding=\"async\" class=\"alignnone size-medium wp-image-94931\" src=\"https:\/\/www.cordobatimes.com\/showup\/wp-content\/uploads\/2022\/06\/Pantallazo-22-06-2022-11.44.27-750x420.jpg\" alt=\"\" width=\"750\" height=\"420\" srcset=\"https:\/\/www.cordobatimes.com\/showup\/wp-content\/uploads\/2022\/06\/Pantallazo-22-06-2022-11.44.27-750x420.jpg 750w, https:\/\/www.cordobatimes.com\/showup\/wp-content\/uploads\/2022\/06\/Pantallazo-22-06-2022-11.44.27-768x430.jpg 768w, https:\/\/www.cordobatimes.com\/showup\/wp-content\/uploads\/2022\/06\/Pantallazo-22-06-2022-11.44.27-696x390.jpg 696w, https:\/\/www.cordobatimes.com\/showup\/wp-content\/uploads\/2022\/06\/Pantallazo-22-06-2022-11.44.27.jpg 997w\" sizes=\"auto, (max-width: 750px) 100vw, 750px\" \/><\/p>\n<p><iframe loading=\"lazy\" title=\"YouTube video player\" src=\"https:\/\/www.youtube.com\/embed\/8ebGiExFS7M\" width=\"560\" height=\"315\" frameborder=\"0\" allowfullscreen=\"allowfullscreen\"><\/iframe><\/p>\n","protected":false},"excerpt":{"rendered":"<p>Santa Evita\u201d con los protag\u00f3nicos de Natalia Oreiro y Dar\u00edo Grandinetti, como Juan Domingo Per\u00f3n, se estrenar\u00e1 el pr\u00f3ximo 26 de julio en Star+. \u201cSanta Evita\u201d, la\u00a0serie\u00a0basada en la reconocida novela del periodista y escritor argentino\u00a0Tom\u00e1s Eloy Mart\u00ednez\u00a0que con los protag\u00f3nicos de\u00a0Natalia Oreiro\u00a0y\u00a0Dar\u00edo Grandinetti\u00a0sigue la historia del secuestro y profanaci\u00f3n de los restos embalsamados de [&hellip;]<\/p>\n","protected":false},"author":1,"featured_media":94929,"comment_status":"closed","ping_status":"closed","sticky":false,"template":"","format":"standard","meta":{"_seopress_robots_primary_cat":"","_seopress_titles_title":"","_seopress_titles_desc":"","_seopress_robots_index":"","footnotes":""},"categories":[3],"tags":[35361,35362,35360],"class_list":{"0":"post-94928","1":"post","2":"type-post","3":"status-publish","4":"format-standard","5":"has-post-thumbnail","7":"category-cine-y-series","8":"tag-imagenes-de-natalia-oreiro-como-eva-peron","9":"tag-natalia-oreiro-y-dario-grandinetti","10":"tag-trailer-de-santa-evita"},"_links":{"self":[{"href":"https:\/\/www.cordobatimes.com\/showup\/wp-json\/wp\/v2\/posts\/94928","targetHints":{"allow":["GET"]}}],"collection":[{"href":"https:\/\/www.cordobatimes.com\/showup\/wp-json\/wp\/v2\/posts"}],"about":[{"href":"https:\/\/www.cordobatimes.com\/showup\/wp-json\/wp\/v2\/types\/post"}],"author":[{"embeddable":true,"href":"https:\/\/www.cordobatimes.com\/showup\/wp-json\/wp\/v2\/users\/1"}],"replies":[{"embeddable":true,"href":"https:\/\/www.cordobatimes.com\/showup\/wp-json\/wp\/v2\/comments?post=94928"}],"version-history":[{"count":0,"href":"https:\/\/www.cordobatimes.com\/showup\/wp-json\/wp\/v2\/posts\/94928\/revisions"}],"wp:featuredmedia":[{"embeddable":true,"href":"https:\/\/www.cordobatimes.com\/showup\/wp-json\/wp\/v2\/media\/94929"}],"wp:attachment":[{"href":"https:\/\/www.cordobatimes.com\/showup\/wp-json\/wp\/v2\/media?parent=94928"}],"wp:term":[{"taxonomy":"category","embeddable":true,"href":"https:\/\/www.cordobatimes.com\/showup\/wp-json\/wp\/v2\/categories?post=94928"},{"taxonomy":"post_tag","embeddable":true,"href":"https:\/\/www.cordobatimes.com\/showup\/wp-json\/wp\/v2\/tags?post=94928"}],"curies":[{"name":"wp","href":"https:\/\/api.w.org\/{rel}","templated":true}]}}